[{"@context":"https:\/\/schema.org\/","@type":"Article","@id":"https:\/\/www.leurope.cz\/spokojeny-zivot\/#Article","mainEntityOfPage":"https:\/\/www.leurope.cz\/spokojeny-zivot\/","headline":"Spokojen\u00fd \u017eivot","name":"Spokojen\u00fd \u017eivot","description":"Mo\u017en\u00e1 se V\u00e1m to zd\u00e1 p\u0159ita\u017een\u00e9 za vlasy, ale pravdou z\u016fst\u00e1v\u00e1, \u017ee pokud je spokojen\u00fd V\u00e1\u0161 dom\u00e1c\u00ed mazl\u00ed\u010dek, je mnohem vy\u0161\u0161\u00ed pravd\u011bpodobnost, \u017ee budete spokojen\u00ed i Vy. Dom\u00e1c\u00ed mazl\u00ed\u010dek je toti\u017e nepostradateln\u00fd \u010dlen rodiny, dobr\u00fd par\u0165\u00e1k a kamar\u00e1d. Pokud jeho tr\u00e1p\u00ed zdravotn\u00ed probl\u00e9my, bude to m\u00edt negativn\u00ed dopad i na V\u00e1s, alespo\u0148 co se psychiky [&hellip;]","datePublished":"2024-12-15","dateModified":"2024-12-15","author":{"@type":"Person","@id":"https:\/\/www.leurope.cz\/author\/#Person","name":"","url":"https:\/\/www.leurope.cz\/author\/","identifier":1,"image":{"@type":"ImageObject","@id":"https:\/\/secure.gravatar.com\/avatar\/c61c2d82e330ff9c70cf023b4c62d411e8407bcb38f85df591fa270717754b44?s=96&d=mm&r=g","url":"https:\/\/secure.gravatar.com\/avatar\/c61c2d82e330ff9c70cf023b4c62d411e8407bcb38f85df591fa270717754b44?s=96&d=mm&r=g","height":96,"width":96}},"publisher":{"@type":"Organization","name":"leurope.cz","logo":{"@type":"ImageObject","@id":"\/logo.png","url":"\/logo.png","width":600,"height":60}},"url":"https:\/\/www.leurope.cz\/spokojeny-zivot\/","wordCount":186,"articleBody":"Mo\u017en\u00e1 se V\u00e1m to zd\u00e1 p\u0159ita\u017een\u00e9 za vlasy, ale pravdou z\u016fst\u00e1v\u00e1, \u017ee pokud je spokojen\u00fd V\u00e1\u0161 dom\u00e1c\u00ed mazl\u00ed\u010dek, je mnohem vy\u0161\u0161\u00ed pravd\u011bpodobnost, \u017ee budete spokojen\u00ed i Vy. Dom\u00e1c\u00ed mazl\u00ed\u010dek je toti\u017e nepostradateln\u00fd \u010dlen rodiny, dobr\u00fd par\u0165\u00e1k a kamar\u00e1d. Pokud jeho tr\u00e1p\u00ed zdravotn\u00ed probl\u00e9my, bude to m\u00edt negativn\u00ed dopad i na V\u00e1s, alespo\u0148 co se psychiky t\u00fdk\u00e1. Nev\u00e1hejte a \u0159e\u0161te zdravotn\u00ed neduhy Va\u0161eho mil\u00e1\u010dka hned, t\u0159eba na veterin\u011b Praha. Vit\u00e1ln\u00ed a\u017e do po\u017eehnan\u00e9ho v\u011bku Pokud budete pe\u010dliv\u011b Va\u0161eho dom\u00e1c\u00edho mazl\u00ed\u010dka dopravovat na preventivn\u00ed prohl\u00eddky a s jeho zdravotn\u00edmi pot\u00ed\u017eemi p\u0159ijdete ke zv\u011brol\u00e9ka\u0159i ihned, V\u00e1s mil\u00e1\u010dek V\u00e1m bude vd\u011b\u010dn\u00fd a oplat\u00ed V\u00e1m to t\u00edm, \u017ee V\u00e1m bude d\u011blat spole\u010dnost mnoho let. Kdo by necht\u011bl m\u00edt psa nebo ko\u010dku, kter\u00e1 se po jeho boku do\u017eije \u00factyhodn\u00e9ho v\u011bku a bude v\u00e9st spokojen\u00fd \u017eivot?                                                                                                                                                                                                                                                                                                                                                                                        5\/5 - (1 vote)        "},{"@context":"https:\/\/schema.org\/","@type":"BreadcrumbList","itemListElement":[{"@type":"ListItem","position":1,"name":"Spokojen\u00fd \u017eivot","item":"https:\/\/www.leurope.cz\/spokojeny-zivot\/#breadcrumbitem"}]}]