[{"@context":"https:\/\/schema.org\/","@type":"Article","@id":"https:\/\/www.leurope.cz\/proc-ma-usa-tak-spatnou-verejnou-hromadnou-dopravu\/#Article","mainEntityOfPage":"https:\/\/www.leurope.cz\/proc-ma-usa-tak-spatnou-verejnou-hromadnou-dopravu\/","headline":"Pro\u010d m\u00e1 USA tak \u0161patnou ve\u0159ejnou hromadnou dopravu?","name":"Pro\u010d m\u00e1 USA tak \u0161patnou ve\u0159ejnou hromadnou dopravu?","description":"Je jasn\u00e9, \u017ee ka\u017ed\u00fd st\u00e1t m\u00e1 svou vlastn\u00ed kulturu. A \u010d\u00edm jsou od sebe vzd\u00e1len\u011bj\u0161\u00ed, t\u00edm b\u00fdvaj\u00ed rozd\u00edly v\u011bt\u0161\u00ed. A to se projevuje i v\u00a0doprav\u011b. Typick\u00fdm p\u0159\u00edkladem pak mohou b\u00fdt Spojen\u00e9 st\u00e1ty Americk\u00e9, kter\u00e9 se v\u00a0tomto ohledu velmi li\u0161\u00ed od toho, na co jsme zvykl\u00ed zde v\u00a0Evrop\u011b.\u00a0T\u00edm asi nejv\u011bt\u0161\u00edm rozd\u00edlem je \u00farove\u0148 jejich ve\u0159ejn\u00e9 hromadn\u00e9 [&hellip;]","datePublished":"2021-09-27","dateModified":"2023-05-19","author":{"@type":"Person","@id":"https:\/\/www.leurope.cz\/author\/#Person","name":"","url":"https:\/\/www.leurope.cz\/author\/","identifier":1,"image":{"@type":"ImageObject","@id":"https:\/\/secure.gravatar.com\/avatar\/c61c2d82e330ff9c70cf023b4c62d411e8407bcb38f85df591fa270717754b44?s=96&d=mm&r=g","url":"https:\/\/secure.gravatar.com\/avatar\/c61c2d82e330ff9c70cf023b4c62d411e8407bcb38f85df591fa270717754b44?s=96&d=mm&r=g","height":96,"width":96}},"publisher":{"@type":"Organization","name":"leurope.cz","logo":{"@type":"ImageObject","@id":"\/logo.png","url":"\/logo.png","width":600,"height":60}},"image":{"@type":"ImageObject","@id":"https:\/\/www.leurope.cz\/wp-content\/uploads\/auto3_4.jpg","url":"https:\/\/www.leurope.cz\/wp-content\/uploads\/auto3_4.jpg","height":0,"width":0},"url":"https:\/\/www.leurope.cz\/proc-ma-usa-tak-spatnou-verejnou-hromadnou-dopravu\/","about":["Auto moto"],"wordCount":412,"articleBody":"Je jasn\u00e9, \u017ee ka\u017ed\u00fd st\u00e1t m\u00e1 svou vlastn\u00ed kulturu. A \u010d\u00edm jsou od sebe vzd\u00e1len\u011bj\u0161\u00ed, t\u00edm b\u00fdvaj\u00ed rozd\u00edly v\u011bt\u0161\u00ed. A to se projevuje i v\u00a0doprav\u011b. Typick\u00fdm p\u0159\u00edkladem pak mohou b\u00fdt Spojen\u00e9 st\u00e1ty Americk\u00e9, kter\u00e9 se v\u00a0tomto ohledu velmi li\u0161\u00ed od toho, na co jsme zvykl\u00ed zde v\u00a0Evrop\u011b.\u00a0T\u00edm asi nejv\u011bt\u0161\u00edm rozd\u00edlem je \u00farove\u0148 jejich ve\u0159ejn\u00e9 hromadn\u00e9 dopravy. Jist\u011b, ta m\u011bstsk\u00e1 je\u0161t\u011b ujde, av\u0161ak u t\u00e9 mezim\u011bstsk\u00e9 je situace podstatn\u011b hor\u0161\u00ed. A tak zat\u00edmco u n\u00e1s m\u016f\u017eete relativn\u011b pohodln\u011b do pr\u00e1ce jezdit autobusem i p\u0159es \u010dtvrt republiky, za oce\u00e1nem to tak jednoduch\u00e9 nen\u00ed.\u00a0\u00a0M\u016f\u017eeme se samoz\u0159ejm\u011b pt\u00e1t, pro\u010d tomu tak je. Koneckonc\u016f, dob\u0159e napl\u00e1novan\u00e1 hromadn\u00e1 doprava m\u00e1 rozhodn\u011b sv\u00e9 v\u00fdhody, zvl\u00e1\u0161t\u011b v\u00a0sou\u010dasnosti, kdy je tolik diskutovan\u00e1 glob\u00e1ln\u00ed zm\u011bna klimatu i zvy\u0161uj\u00edc\u00ed se ceny benzinu a nafty. Pro\u010d tedy v\u00a0USA nevybuduj\u00ed podobnou s\u00ed\u0165, na jakou jsme zvykl\u00ed u n\u00e1s?\u00a0D\u016fvod\u016f je hned n\u011bkolik. T\u00edm hlavn\u00edm je fakt, \u017ee kultura je zde zam\u011b\u0159ena na automobily. V\u011bk, kdy m\u016f\u017ee \u010dlov\u011bk z\u00edskat \u0159idi\u010dsk\u00e9 opr\u00e1vn\u011bn\u00ed k\u00a0\u0159\u00edzen\u00ed osobn\u00edho auta je ni\u017e\u0161\u00ed ne\u017e u n\u00e1s. Nav\u00edc i m\u011bsta jsou koncipov\u00e1na p\u0159edev\u0161\u00edm tak, aby se v\u0161ude dalo snadno dojet. Rozhodn\u011b v\u0161ak ji\u017e nejsou tak p\u0159\u00edzniv\u00e1 pro p\u011b\u0161\u00ed. Z\u00a0toho vypl\u00fdv\u00e1, \u017ee prakticky ka\u017ed\u00fd m\u00e1 sv\u00e9 vlastn\u00ed auto, d\u00edky \u010demu se nepot\u0159ebuje spol\u00e9hat na hromadnou dopravu.\u00a0\u00a0Dal\u0161\u00edm, mnohem prozai\u010dt\u011bj\u0161\u00edm d\u016fvodem, jsou velk\u00e9 vzd\u00e1lenosti mezi jednotliv\u00fdmi m\u011bsty. Ty jsou mnohem v\u011bt\u0161\u00ed ne\u017e by si pr\u016fm\u011brn\u00fd Evropan, zvykl\u00fd na na\u0161e hust\u011b os\u00eddlen\u00e9 krajiny, dok\u00e1zal p\u0159edstavit. To samoz\u0159ejm\u011b znamen\u00e1 tak\u00e9 v\u011bt\u0161\u00ed spot\u0159ebu pohonn\u00fdch hmot a nutnost v\u00edce pasa\u017e\u00e9r\u016f, aby se j\u00edzda dopravci vyplatila. Proto ani nemaj\u00ed soukrom\u00e9 firmy z\u00e1jem zde s\u00edt\u011b hromadn\u00e9 dopravy budovat.\u00a0Je tedy jasn\u00e9, \u017ee v\u00a0nejbli\u017e\u0161\u00ed dob\u011b se situace nezm\u011bn\u00ed. Av\u0161ak je mo\u017en\u00e9, \u017ee pokud bude i nad\u00e1le pokra\u010dovat r\u016fst cen pohonn\u00fdch hmot, budou muset i za mo\u0159em situaci p\u0159ehodnotit. Tedy pokud si nebudou cht\u00edt p\u0159id\u011bl\u00e1vat dal\u0161\u00ed probl\u00e9my.                                                                                                                                                                                                                                                                                                                                                                                        3.7\/5 - (6 votes)        "},{"@context":"https:\/\/schema.org\/","@type":"BreadcrumbList","itemListElement":[{"@type":"ListItem","position":1,"name":"Pro\u010d m\u00e1 USA tak \u0161patnou ve\u0159ejnou hromadnou dopravu?","item":"https:\/\/www.leurope.cz\/proc-ma-usa-tak-spatnou-verejnou-hromadnou-dopravu\/#breadcrumbitem"}]}]