[{"@context":"https:\/\/schema.org\/","@type":"Article","@id":"https:\/\/www.leurope.cz\/prakticky-pevny-kontejner\/#Article","mainEntityOfPage":"https:\/\/www.leurope.cz\/prakticky-pevny-kontejner\/","headline":"Praktick\u00fd pevn\u00fd kontejner","name":"Praktick\u00fd pevn\u00fd kontejner","description":"V\u017edycky jsem si \u0159\u00edkala, \u017ee plastov\u00fd kontejner na kole\u010dk\u00e1ch se bude opravdu v\u0161em hodit, proto\u017ee v\u0161echno, co je na kole\u010dk\u00e1ch, taky je velice praktick\u00e9, proto\u017ee si alespo\u0148 neponi\u010d\u00edte z\u00e1da, \u017ee budete n\u011bco slo\u017eit\u011b tahat. J\u00e1 sama jsem p\u0159\u00edteli \u0159ekla, \u017ee kdy\u017e sh\u00e1n\u011bl plastov\u00fd kontejner, tak se bude nejv\u00edce praktick\u00fd a spolehliv\u00fd pr\u00e1v\u011b plastov\u00fd kontejner na [&hellip;]","datePublished":"2022-12-27","dateModified":"2022-12-27","author":{"@type":"Person","@id":"https:\/\/www.leurope.cz\/author\/#Person","name":"","url":"https:\/\/www.leurope.cz\/author\/","identifier":1,"image":{"@type":"ImageObject","@id":"https:\/\/secure.gravatar.com\/avatar\/c61c2d82e330ff9c70cf023b4c62d411e8407bcb38f85df591fa270717754b44?s=96&d=mm&r=g","url":"https:\/\/secure.gravatar.com\/avatar\/c61c2d82e330ff9c70cf023b4c62d411e8407bcb38f85df591fa270717754b44?s=96&d=mm&r=g","height":96,"width":96}},"publisher":{"@type":"Organization","name":"leurope.cz","logo":{"@type":"ImageObject","@id":"\/logo.png","url":"\/logo.png","width":600,"height":60}},"image":{"@type":"ImageObject","@id":"https:\/\/www.leurope.cz\/wp-content\/uploads\/container-789488_960_720_1.jpg","url":"https:\/\/www.leurope.cz\/wp-content\/uploads\/container-789488_960_720_1.jpg","height":0,"width":0},"url":"https:\/\/www.leurope.cz\/prakticky-pevny-kontejner\/","about":["Zbo\u017e\u00ed"],"wordCount":400,"articleBody":"         V\u017edycky jsem si \u0159\u00edkala, \u017ee plastov\u00fd kontejner na kole\u010dk\u00e1ch se bude opravdu v\u0161em hodit, proto\u017ee v\u0161echno, co je na kole\u010dk\u00e1ch, taky je velice praktick\u00e9, proto\u017ee si alespo\u0148 neponi\u010d\u00edte z\u00e1da, \u017ee budete n\u011bco slo\u017eit\u011b tahat. J\u00e1 sama jsem p\u0159\u00edteli \u0159ekla, \u017ee kdy\u017e sh\u00e1n\u011bl plastov\u00fd kontejner, tak se bude nejv\u00edce praktick\u00fd a spolehliv\u00fd pr\u00e1v\u011b plastov\u00fd kontejner na kole\u010dk\u00e1ch, kter\u00fd se mu bude hodit a bude velice odoln\u00fd. Proto\u017ee m\u016fj p\u0159\u00edtel u\u017e byl dvakr\u00e1t na operaci zad a jednu na operaci kolene, proto\u017ee m\u011bl velikou nehodu v aut\u011b. A sice z toho vylezl jinak \u017eiv\u00fd, ale u\u017e m\u00e1 zdravotn\u00ed probl\u00e9my. Pracuje ve firm\u011b, kde taky ve skladu tahaj\u00ed r\u016fzn\u00e9 zbo\u017e\u00ed. Tak\u017ee jsem velice r\u00e1da, \u017ee p\u0159\u00edtel si nakonec vybral plastov\u00fd kontejner na kole\u010dk\u00e1ch a j\u00e1 jsem taky pot\u011b\u0161en\u00e1, \u017ee nemus\u00ed tahat t\u011b\u017ek\u00e9 v\u011bci v ruce anebo tahat na voz\u00edku, kter\u00fd nem\u00e1 \u017e\u00e1dn\u00e1 kole\u010dka. Mysl\u00edm si, \u017ee plastov\u00e9 kontejnery na kole\u010dk\u00e1ch vyu\u017eijete opravdu na mnoho zp\u016fsob\u016f. J\u00e1 sama J\u00e1 jsem byla velice p\u0159ekvapen\u00e1, kdy\u017e i j\u00e1 jsem se rozhodla, \u017ee si jednoho dne po\u0159\u00edd\u00edm plastov\u00fd kontejner na kole\u010dk\u00e1ch. A sice jenom takov\u00fd mal\u00fd, ale bude se mi samoz\u0159ejm\u011b hodit na zahradu, kdy\u017e budu pl\u00e9st zahradu anebo hrabat list\u00ed. Tohle je takov\u00e1 pr\u00e1ce, kter\u00e1 p\u0159\u00edtele nebav\u00ed, tak\u017ee to samoz\u0159ejm\u011b v\u0161echno zbude na m\u011b. M\u011b to ale nevad\u00ed, proto\u017ee m\u00e1m alespo\u0148 n\u011bjak\u00fd pohyb, proto\u017ee chci shodit n\u011bjak\u00e1 ta p\u0159ebyte\u010dn\u00e1 kila. Pokud i vy sh\u00e1n\u00edte n\u011bjak\u00fd kvalitn\u00ed pevn\u00fd plastov\u00fd kontejner na kole\u010dk\u00e1ch, tak se pod\u00edvejte na webovou str\u00e1nku schoellerallibert.com, kde najdete r\u016fzn\u00e9 zbo\u017e\u00ed ale taky hlavn\u011b kvalitu, kter\u00e1 je v dne\u0161n\u00ed dob\u011b velice cena. Mnoho lid\u00ed taky sh\u00e1n\u00ed r\u016fzn\u00e9 plastov\u00e9 kontejnery na kole\u010dk\u00e1ch, tak si je po\u0159izuj\u00ed hlavn\u011b z prakti\u010dnosti. Proto\u017ee v dne\u0161n\u00ed dob\u011b se hodn\u011b \u0161et\u0159\u00ed \u010dasem, tak\u017ee plastov\u00fd kontejner na kole\u010dk\u00e1ch by v\u00e1m tohle s p\u0159ehledem splnil. Nebo vy byste necht\u011bli plastov\u00fd kontejner na kole\u010dk\u00e1ch? Tak to nezn\u00e1te je\u0161t\u011b jeho velk\u00e9 v\u00fdhody.                                                                                                                                                                                                                                                                                                                                                                                           4.2\/5 - (4 votes)        "},{"@context":"https:\/\/schema.org\/","@type":"BreadcrumbList","itemListElement":[{"@type":"ListItem","position":1,"name":"Praktick\u00fd pevn\u00fd kontejner","item":"https:\/\/www.leurope.cz\/prakticky-pevny-kontejner\/#breadcrumbitem"}]}]