[{"@context":"https:\/\/schema.org\/","@type":"Blog","@id":"https:\/\/www.leurope.cz#Blog","headline":"Leurope","description":"\nNev\u00edme sice, kolik m\u00e1te p\u0159\u00e1tel, ale jsme si jisti t\u00edm, \u017ee p\u0159\u00e1tel nen\u00ed nikdy dost. A proto v\u00e1m nab\u00edz\u00edme prost\u0159ednictv\u00edm na\u0161eho webu sv\u00e9 nehynouc\u00ed p\u0159\u00e1telstv\u00ed.","url":"https:\/\/www.leurope.cz","hasPart":[{"@type":"Article","@id":"https:\/\/www.leurope.cz\/lenochod-vetsinu-zivota-prospi\/","headline":"Lenochod v\u011bt\u0161inu \u017eivota prosp\u00ed","url":"https:\/\/www.leurope.cz\/lenochod-vetsinu-zivota-prospi\/","datePublished":"2023-05-19","dateModified":"2023-05-19","mainEntityOfPage":"https:\/\/www.leurope.cz\/lenochod-vetsinu-zivota-prospi\/","author":{"@type":"Person","@id":"https:\/\/www.leurope.cz\/author\/#Person","name":"","url":"https:\/\/www.leurope.cz\/author\/","identifier":1,"image":{"@type":"ImageObject","@id":"https:\/\/secure.gravatar.com\/avatar\/c61c2d82e330ff9c70cf023b4c62d411e8407bcb38f85df591fa270717754b44?s=96&d=mm&r=g","url":"https:\/\/secure.gravatar.com\/avatar\/c61c2d82e330ff9c70cf023b4c62d411e8407bcb38f85df591fa270717754b44?s=96&d=mm&r=g","height":96,"width":96}},"publisher":{"@type":"Organization","name":"leurope.cz","logo":{"@type":"ImageObject","@id":"\/logo.png","url":"\/logo.png","width":600,"height":60}},"image":{"@type":"ImageObject","@id":"https:\/\/www.leurope.cz\/wp-content\/uploads\/img_a309715_w1973_t1520672864.jpg","url":"https:\/\/www.leurope.cz\/wp-content\/uploads\/img_a309715_w1973_t1520672864.jpg","height":0,"width":0},"wordCount":516,"keywords":null},{"@type":"Article","@id":"https:\/\/www.leurope.cz\/houbarite-radi\/","headline":"Houba\u0159\u00edte r\u00e1di?","url":"https:\/\/www.leurope.cz\/houbarite-radi\/","datePublished":"2023-05-19","dateModified":"2023-05-19","mainEntityOfPage":"https:\/\/www.leurope.cz\/houbarite-radi\/","author":{"@type":"Person","@id":"https:\/\/www.leurope.cz\/author\/#Person","name":"","url":"https:\/\/www.leurope.cz\/author\/","identifier":1,"image":{"@type":"ImageObject","@id":"https:\/\/secure.gravatar.com\/avatar\/c61c2d82e330ff9c70cf023b4c62d411e8407bcb38f85df591fa270717754b44?s=96&d=mm&r=g","url":"https:\/\/secure.gravatar.com\/avatar\/c61c2d82e330ff9c70cf023b4c62d411e8407bcb38f85df591fa270717754b44?s=96&d=mm&r=g","height":96,"width":96}},"publisher":{"@type":"Organization","name":"leurope.cz","logo":{"@type":"ImageObject","@id":"\/logo.png","url":"\/logo.png","width":600,"height":60}},"image":{"@type":"ImageObject","@id":"https:\/\/www.leurope.cz\/wp-content\/uploads\/img_a305995_w2394_t1517323046.jpg","url":"https:\/\/www.leurope.cz\/wp-content\/uploads\/img_a305995_w2394_t1517323046.jpg","height":0,"width":0},"wordCount":481,"keywords":null},{"@type":"Article","@id":"https:\/\/www.leurope.cz\/desatero-oblibeneho-zamestnavatele\/","headline":"Desatero obl\u00edben\u00e9ho zam\u011bstnavatele","url":"https:\/\/www.leurope.cz\/desatero-oblibeneho-zamestnavatele\/","datePublished":"2023-05-19","dateModified":"2023-05-19","mainEntityOfPage":"https:\/\/www.leurope.cz\/desatero-oblibeneho-zamestnavatele\/","author":{"@type":"Person","@id":"https:\/\/www.leurope.cz\/author\/#Person","name":"","url":"https:\/\/www.leurope.cz\/author\/","identifier":1,"image":{"@type":"ImageObject","@id":"https:\/\/secure.gravatar.com\/avatar\/c61c2d82e330ff9c70cf023b4c62d411e8407bcb38f85df591fa270717754b44?s=96&d=mm&r=g","url":"https:\/\/secure.gravatar.com\/avatar\/c61c2d82e330ff9c70cf023b4c62d411e8407bcb38f85df591fa270717754b44?s=96&d=mm&r=g","height":96,"width":96}},"publisher":{"@type":"Organization","name":"leurope.cz","logo":{"@type":"ImageObject","@id":"\/logo.png","url":"\/logo.png","width":600,"height":60}},"image":{"@type":"ImageObject","@id":"https:\/\/www.leurope.cz\/wp-content\/uploads\/img_a305345_w2220_t1516872547.jpg","url":"https:\/\/www.leurope.cz\/wp-content\/uploads\/img_a305345_w2220_t1516872547.jpg","height":0,"width":0},"wordCount":663,"keywords":null},{"@type":"Article","@id":"https:\/\/www.leurope.cz\/kde-usetrit-par-korun\/","headline":"KDE U\u0160ET\u0158IT P\u00c1R KORUN","url":"https:\/\/www.leurope.cz\/kde-usetrit-par-korun\/","datePublished":"2023-05-19","dateModified":"2023-05-19","mainEntityOfPage":"https:\/\/www.leurope.cz\/kde-usetrit-par-korun\/","author":{"@type":"Person","@id":"https:\/\/www.leurope.cz\/author\/#Person","name":"","url":"https:\/\/www.leurope.cz\/author\/","identifier":1,"image":{"@type":"ImageObject","@id":"https:\/\/secure.gravatar.com\/avatar\/c61c2d82e330ff9c70cf023b4c62d411e8407bcb38f85df591fa270717754b44?s=96&d=mm&r=g","url":"https:\/\/secure.gravatar.com\/avatar\/c61c2d82e330ff9c70cf023b4c62d411e8407bcb38f85df591fa270717754b44?s=96&d=mm&r=g","height":96,"width":96}},"publisher":{"@type":"Organization","name":"leurope.cz","logo":{"@type":"ImageObject","@id":"\/logo.png","url":"\/logo.png","width":600,"height":60}},"image":{"@type":"ImageObject","@id":"https:\/\/www.leurope.cz\/wp-content\/uploads\/img_a303721_w2395_t1514383704.jpg","url":"https:\/\/www.leurope.cz\/wp-content\/uploads\/img_a303721_w2395_t1514383704.jpg","height":0,"width":0},"wordCount":487,"keywords":null},{"@type":"Article","@id":"https:\/\/www.leurope.cz\/prvni-krucky\/","headline":"Prvn\u00ed kr\u016f\u010dky","url":"https:\/\/www.leurope.cz\/prvni-krucky\/","datePublished":"2023-05-19","dateModified":"2023-05-19","mainEntityOfPage":"https:\/\/www.leurope.cz\/prvni-krucky\/","author":{"@type":"Person","@id":"https:\/\/www.leurope.cz\/author\/#Person","name":"","url":"https:\/\/www.leurope.cz\/author\/","identifier":1,"image":{"@type":"ImageObject","@id":"https:\/\/secure.gravatar.com\/avatar\/c61c2d82e330ff9c70cf023b4c62d411e8407bcb38f85df591fa270717754b44?s=96&d=mm&r=g","url":"https:\/\/secure.gravatar.com\/avatar\/c61c2d82e330ff9c70cf023b4c62d411e8407bcb38f85df591fa270717754b44?s=96&d=mm&r=g","height":96,"width":96}},"publisher":{"@type":"Organization","name":"leurope.cz","logo":{"@type":"ImageObject","@id":"\/logo.png","url":"\/logo.png","width":600,"height":60}},"image":{"@type":"ImageObject","@id":"https:\/\/www.leurope.cz\/wp-content\/uploads\/img_a303384_w2252_t1513704647.jpg","url":"https:\/\/www.leurope.cz\/wp-content\/uploads\/img_a303384_w2252_t1513704647.jpg","height":0,"width":0},"wordCount":2607,"keywords":null},{"@type":"Article","@id":"https:\/\/www.leurope.cz\/spotify-co-to-je-a-co-nabizi\/","headline":"Spotify: Co to je a co nab\u00edz\u00ed?","url":"https:\/\/www.leurope.cz\/spotify-co-to-je-a-co-nabizi\/","datePublished":"2023-05-19","dateModified":"2023-05-19","mainEntityOfPage":"https:\/\/www.leurope.cz\/spotify-co-to-je-a-co-nabizi\/","author":{"@type":"Person","@id":"https:\/\/www.leurope.cz\/author\/#Person","name":"","url":"https:\/\/www.leurope.cz\/author\/","identifier":1,"image":{"@type":"ImageObject","@id":"https:\/\/secure.gravatar.com\/avatar\/c61c2d82e330ff9c70cf023b4c62d411e8407bcb38f85df591fa270717754b44?s=96&d=mm&r=g","url":"https:\/\/secure.gravatar.com\/avatar\/c61c2d82e330ff9c70cf023b4c62d411e8407bcb38f85df591fa270717754b44?s=96&d=mm&r=g","height":96,"width":96}},"publisher":{"@type":"Organization","name":"leurope.cz","logo":{"@type":"ImageObject","@id":"\/logo.png","url":"\/logo.png","width":600,"height":60}},"image":{"@type":"ImageObject","@id":"https:\/\/www.leurope.cz\/wp-content\/uploads\/img_a302194_w2227_t1512067685.jpg","url":"https:\/\/www.leurope.cz\/wp-content\/uploads\/img_a302194_w2227_t1512067685.jpg","height":0,"width":0},"wordCount":451,"keywords":null},{"@type":"Article","@id":"https:\/\/www.leurope.cz\/rodinne-navstevy-zabava-nebo-zlo\/","headline":"Rodinn\u00e9 n\u00e1v\u0161t\u011bvy \u2013 z\u00e1bava, nebo zlo?","url":"https:\/\/www.leurope.cz\/rodinne-navstevy-zabava-nebo-zlo\/","datePublished":"2023-05-19","dateModified":"2023-05-19","mainEntityOfPage":"https:\/\/www.leurope.cz\/rodinne-navstevy-zabava-nebo-zlo\/","author":{"@type":"Person","@id":"https:\/\/www.leurope.cz\/author\/#Person","name":"","url":"https:\/\/www.leurope.cz\/author\/","identifier":1,"image":{"@type":"ImageObject","@id":"https:\/\/secure.gravatar.com\/avatar\/c61c2d82e330ff9c70cf023b4c62d411e8407bcb38f85df591fa270717754b44?s=96&d=mm&r=g","url":"https:\/\/secure.gravatar.com\/avatar\/c61c2d82e330ff9c70cf023b4c62d411e8407bcb38f85df591fa270717754b44?s=96&d=mm&r=g","height":96,"width":96}},"publisher":{"@type":"Organization","name":"leurope.cz","logo":{"@type":"ImageObject","@id":"\/logo.png","url":"\/logo.png","width":600,"height":60}},"image":{"@type":"ImageObject","@id":"https:\/\/www.leurope.cz\/wp-content\/uploads\/img_a295198_w2063_t1506758780.jpg","url":"https:\/\/www.leurope.cz\/wp-content\/uploads\/img_a295198_w2063_t1506758780.jpg","height":0,"width":0},"wordCount":523,"keywords":null},{"@type":"Article","@id":"https:\/\/www.leurope.cz\/vybirame-chladnicku\/","headline":"Vyb\u00edr\u00e1me chladni\u010dku","url":"https:\/\/www.leurope.cz\/vybirame-chladnicku\/","datePublished":"2023-05-19","dateModified":"2023-05-19","mainEntityOfPage":"https:\/\/www.leurope.cz\/vybirame-chladnicku\/","author":{"@type":"Person","@id":"https:\/\/www.leurope.cz\/author\/#Person","name":"","url":"https:\/\/www.leurope.cz\/author\/","identifier":1,"image":{"@type":"ImageObject","@id":"https:\/\/secure.gravatar.com\/avatar\/c61c2d82e330ff9c70cf023b4c62d411e8407bcb38f85df591fa270717754b44?s=96&d=mm&r=g","url":"https:\/\/secure.gravatar.com\/avatar\/c61c2d82e330ff9c70cf023b4c62d411e8407bcb38f85df591fa270717754b44?s=96&d=mm&r=g","height":96,"width":96}},"publisher":{"@type":"Organization","name":"leurope.cz","logo":{"@type":"ImageObject","@id":"\/logo.png","url":"\/logo.png","width":600,"height":60}},"image":null,"wordCount":438,"keywords":null},{"@type":"Article","@id":"https:\/\/www.leurope.cz\/nove-kreslo-se-bude-ve-vasi-kancelari-vyjimat\/","headline":"Nov\u00e9 k\u0159eslo se bude ve va\u0161\u00ed kancel\u00e1\u0159i vyj\u00edmat","url":"https:\/\/www.leurope.cz\/nove-kreslo-se-bude-ve-vasi-kancelari-vyjimat\/","datePublished":"2023-05-05","dateModified":"2024-05-11","mainEntityOfPage":"https:\/\/www.leurope.cz\/nove-kreslo-se-bude-ve-vasi-kancelari-vyjimat\/","author":{"@type":"Person","@id":"https:\/\/www.leurope.cz\/author\/#Person","name":"","url":"https:\/\/www.leurope.cz\/author\/","identifier":1,"image":{"@type":"ImageObject","@id":"https:\/\/secure.gravatar.com\/avatar\/c61c2d82e330ff9c70cf023b4c62d411e8407bcb38f85df591fa270717754b44?s=96&d=mm&r=g","url":"https:\/\/secure.gravatar.com\/avatar\/c61c2d82e330ff9c70cf023b4c62d411e8407bcb38f85df591fa270717754b44?s=96&d=mm&r=g","height":96,"width":96}},"publisher":{"@type":"Organization","name":"leurope.cz","logo":{"@type":"ImageObject","@id":"\/logo.png","url":"\/logo.png","width":600,"height":60}},"image":null,"wordCount":360,"keywords":null},{"@type":"Article","@id":"https:\/\/www.leurope.cz\/pristi-leto-do-plavek\/","headline":"P\u0159\u00ed\u0161t\u00ed l\u00e9to do plavek","url":"https:\/\/www.leurope.cz\/pristi-leto-do-plavek\/","datePublished":"2023-04-18","dateModified":"2023-04-18","mainEntityOfPage":"https:\/\/www.leurope.cz\/pristi-leto-do-plavek\/","author":{"@type":"Person","@id":"https:\/\/www.leurope.cz\/author\/#Person","name":"","url":"https:\/\/www.leurope.cz\/author\/","identifier":1,"image":{"@type":"ImageObject","@id":"https:\/\/secure.gravatar.com\/avatar\/c61c2d82e330ff9c70cf023b4c62d411e8407bcb38f85df591fa270717754b44?s=96&d=mm&r=g","url":"https:\/\/secure.gravatar.com\/avatar\/c61c2d82e330ff9c70cf023b4c62d411e8407bcb38f85df591fa270717754b44?s=96&d=mm&r=g","height":96,"width":96}},"publisher":{"@type":"Organization","name":"leurope.cz","logo":{"@type":"ImageObject","@id":"\/logo.png","url":"\/logo.png","width":600,"height":60}},"image":{"@type":"ImageObject","@id":"https:\/\/www.leurope.cz\/wp-content\/uploads\/crossfit-534615_640_10_2.jpg","url":"https:\/\/www.leurope.cz\/wp-content\/uploads\/crossfit-534615_640_10_2.jpg","height":0,"width":0},"wordCount":535,"keywords":null}]},{"@context":"https:\/\/schema.org","@type":"WebSite","@id":"https:\/\/www.leurope.cz\/#website","name":"Leurope","url":"https:\/\/www.leurope.cz","potentialAction":{"@type":"SearchAction","target":"https:\/\/www.leurope.cz\/?s={search_term_string}","query-input":"required name=search_term_string"}}]