[{"@context":"https:\/\/schema.org\/","@type":"Blog","@id":"https:\/\/www.leurope.cz#Blog","headline":"Leurope","description":"\nNev\u00edme sice, kolik m\u00e1te p\u0159\u00e1tel, ale jsme si jisti t\u00edm, \u017ee p\u0159\u00e1tel nen\u00ed nikdy dost. A proto v\u00e1m nab\u00edz\u00edme prost\u0159ednictv\u00edm na\u0161eho webu sv\u00e9 nehynouc\u00ed p\u0159\u00e1telstv\u00ed.","url":"https:\/\/www.leurope.cz","hasPart":[{"@type":"Article","@id":"https:\/\/www.leurope.cz\/nasi-predkove-hemeroidy-neznali\/","headline":"Na\u0161i p\u0159edkov\u00e9 hemeroidy neznali","url":"https:\/\/www.leurope.cz\/nasi-predkove-hemeroidy-neznali\/","datePublished":"2023-10-16","dateModified":"2023-10-16","mainEntityOfPage":"https:\/\/www.leurope.cz\/nasi-predkove-hemeroidy-neznali\/","author":{"@type":"Person","@id":"https:\/\/www.leurope.cz\/author\/#Person","name":"","url":"https:\/\/www.leurope.cz\/author\/","identifier":1,"image":{"@type":"ImageObject","@id":"https:\/\/secure.gravatar.com\/avatar\/c61c2d82e330ff9c70cf023b4c62d411e8407bcb38f85df591fa270717754b44?s=96&d=mm&r=g","url":"https:\/\/secure.gravatar.com\/avatar\/c61c2d82e330ff9c70cf023b4c62d411e8407bcb38f85df591fa270717754b44?s=96&d=mm&r=g","height":96,"width":96}},"publisher":{"@type":"Organization","name":"leurope.cz","logo":{"@type":"ImageObject","@id":"\/logo.png","url":"\/logo.png","width":600,"height":60}},"image":null,"wordCount":291,"keywords":null},{"@type":"Article","@id":"https:\/\/www.leurope.cz\/tip-na-vylet-s-pronajatym-autem\/","headline":"Tip na v\u00fdlet s pronajat\u00fdm autem","url":"https:\/\/www.leurope.cz\/tip-na-vylet-s-pronajatym-autem\/","datePublished":"2023-09-30","dateModified":"2023-09-30","mainEntityOfPage":"https:\/\/www.leurope.cz\/tip-na-vylet-s-pronajatym-autem\/","author":{"@type":"Person","@id":"https:\/\/www.leurope.cz\/author\/#Person","name":"","url":"https:\/\/www.leurope.cz\/author\/","identifier":1,"image":{"@type":"ImageObject","@id":"https:\/\/secure.gravatar.com\/avatar\/c61c2d82e330ff9c70cf023b4c62d411e8407bcb38f85df591fa270717754b44?s=96&d=mm&r=g","url":"https:\/\/secure.gravatar.com\/avatar\/c61c2d82e330ff9c70cf023b4c62d411e8407bcb38f85df591fa270717754b44?s=96&d=mm&r=g","height":96,"width":96}},"publisher":{"@type":"Organization","name":"leurope.cz","logo":{"@type":"ImageObject","@id":"\/logo.png","url":"\/logo.png","width":600,"height":60}},"image":{"@type":"ImageObject","@id":"https:\/\/www.leurope.cz\/wp-content\/uploads\/karkonosze-4544030_640.jpg","url":"https:\/\/www.leurope.cz\/wp-content\/uploads\/karkonosze-4544030_640.jpg","height":0,"width":0},"wordCount":618,"keywords":null},{"@type":"Article","@id":"https:\/\/www.leurope.cz\/zaridte-si-byt-na-miru\/","headline":"Za\u0159i\u010fte si byt na m\u00edru","url":"https:\/\/www.leurope.cz\/zaridte-si-byt-na-miru\/","datePublished":"2023-09-09","dateModified":"2023-09-09","mainEntityOfPage":"https:\/\/www.leurope.cz\/zaridte-si-byt-na-miru\/","author":{"@type":"Person","@id":"https:\/\/www.leurope.cz\/author\/#Person","name":"","url":"https:\/\/www.leurope.cz\/author\/","identifier":1,"image":{"@type":"ImageObject","@id":"https:\/\/secure.gravatar.com\/avatar\/c61c2d82e330ff9c70cf023b4c62d411e8407bcb38f85df591fa270717754b44?s=96&d=mm&r=g","url":"https:\/\/secure.gravatar.com\/avatar\/c61c2d82e330ff9c70cf023b4c62d411e8407bcb38f85df591fa270717754b44?s=96&d=mm&r=g","height":96,"width":96}},"publisher":{"@type":"Organization","name":"leurope.cz","logo":{"@type":"ImageObject","@id":"\/logo.png","url":"\/logo.png","width":600,"height":60}},"image":null,"wordCount":276,"keywords":null},{"@type":"Article","@id":"https:\/\/www.leurope.cz\/porozumeni-je-ten-nejlepsi-lek-na-erekci\/","headline":"Porozum\u011bn\u00ed je ten nejlep\u0161\u00ed l\u00e9k na erekci","url":"https:\/\/www.leurope.cz\/porozumeni-je-ten-nejlepsi-lek-na-erekci\/","datePublished":"2023-08-20","dateModified":"2024-02-04","mainEntityOfPage":"https:\/\/www.leurope.cz\/porozumeni-je-ten-nejlepsi-lek-na-erekci\/","author":{"@type":"Person","@id":"https:\/\/www.leurope.cz\/author\/#Person","name":"","url":"https:\/\/www.leurope.cz\/author\/","identifier":1,"image":{"@type":"ImageObject","@id":"https:\/\/secure.gravatar.com\/avatar\/c61c2d82e330ff9c70cf023b4c62d411e8407bcb38f85df591fa270717754b44?s=96&d=mm&r=g","url":"https:\/\/secure.gravatar.com\/avatar\/c61c2d82e330ff9c70cf023b4c62d411e8407bcb38f85df591fa270717754b44?s=96&d=mm&r=g","height":96,"width":96}},"publisher":{"@type":"Organization","name":"leurope.cz","logo":{"@type":"ImageObject","@id":"\/logo.png","url":"\/logo.png","width":600,"height":60}},"image":{"@type":"ImageObject","@id":"https:\/\/www.leurope.cz\/wp-content\/uploads\/girl-2870490_640.jpg","url":"https:\/\/www.leurope.cz\/wp-content\/uploads\/girl-2870490_640.jpg","height":0,"width":0},"wordCount":589,"keywords":null},{"@type":"Article","@id":"https:\/\/www.leurope.cz\/postavit-si-letadlo-neni-nic-tezkeho\/","headline":"Postavit si letadlo nen\u00ed nic t\u011b\u017ek\u00e9ho","url":"https:\/\/www.leurope.cz\/postavit-si-letadlo-neni-nic-tezkeho\/","datePublished":"2023-08-01","dateModified":"2023-08-01","mainEntityOfPage":"https:\/\/www.leurope.cz\/postavit-si-letadlo-neni-nic-tezkeho\/","author":{"@type":"Person","@id":"https:\/\/www.leurope.cz\/author\/#Person","name":"","url":"https:\/\/www.leurope.cz\/author\/","identifier":1,"image":{"@type":"ImageObject","@id":"https:\/\/secure.gravatar.com\/avatar\/c61c2d82e330ff9c70cf023b4c62d411e8407bcb38f85df591fa270717754b44?s=96&d=mm&r=g","url":"https:\/\/secure.gravatar.com\/avatar\/c61c2d82e330ff9c70cf023b4c62d411e8407bcb38f85df591fa270717754b44?s=96&d=mm&r=g","height":96,"width":96}},"publisher":{"@type":"Organization","name":"leurope.cz","logo":{"@type":"ImageObject","@id":"\/logo.png","url":"\/logo.png","width":600,"height":60}},"image":null,"wordCount":268,"keywords":null},{"@type":"Article","@id":"https:\/\/www.leurope.cz\/kdyz-je-vam-pod-psa\/","headline":"Kdy\u017e je V\u00e1m pod psa","url":"https:\/\/www.leurope.cz\/kdyz-je-vam-pod-psa\/","datePublished":"2023-06-25","dateModified":"2024-06-28","mainEntityOfPage":"https:\/\/www.leurope.cz\/kdyz-je-vam-pod-psa\/","author":{"@type":"Person","@id":"https:\/\/www.leurope.cz\/author\/#Person","name":"","url":"https:\/\/www.leurope.cz\/author\/","identifier":1,"image":{"@type":"ImageObject","@id":"https:\/\/secure.gravatar.com\/avatar\/c61c2d82e330ff9c70cf023b4c62d411e8407bcb38f85df591fa270717754b44?s=96&d=mm&r=g","url":"https:\/\/secure.gravatar.com\/avatar\/c61c2d82e330ff9c70cf023b4c62d411e8407bcb38f85df591fa270717754b44?s=96&d=mm&r=g","height":96,"width":96}},"publisher":{"@type":"Organization","name":"leurope.cz","logo":{"@type":"ImageObject","@id":"\/logo.png","url":"\/logo.png","width":600,"height":60}},"image":null,"wordCount":301,"keywords":null},{"@type":"Article","@id":"https:\/\/www.leurope.cz\/existuje-zdravejsi-koureni\/","headline":"Existuje zdrav\u011bj\u0161\u00ed kou\u0159en\u00ed?","url":"https:\/\/www.leurope.cz\/existuje-zdravejsi-koureni\/","datePublished":"2023-06-02","dateModified":"2023-10-10","mainEntityOfPage":"https:\/\/www.leurope.cz\/existuje-zdravejsi-koureni\/","author":{"@type":"Person","@id":"https:\/\/www.leurope.cz\/author\/#Person","name":"","url":"https:\/\/www.leurope.cz\/author\/","identifier":1,"image":{"@type":"ImageObject","@id":"https:\/\/secure.gravatar.com\/avatar\/c61c2d82e330ff9c70cf023b4c62d411e8407bcb38f85df591fa270717754b44?s=96&d=mm&r=g","url":"https:\/\/secure.gravatar.com\/avatar\/c61c2d82e330ff9c70cf023b4c62d411e8407bcb38f85df591fa270717754b44?s=96&d=mm&r=g","height":96,"width":96}},"publisher":{"@type":"Organization","name":"leurope.cz","logo":{"@type":"ImageObject","@id":"\/logo.png","url":"\/logo.png","width":600,"height":60}},"image":{"@type":"ImageObject","@id":"https:\/\/www.leurope.cz\/wp-content\/uploads\/pexels-sabrina-rohwer-1896990.jpg","url":"https:\/\/www.leurope.cz\/wp-content\/uploads\/pexels-sabrina-rohwer-1896990.jpg","height":0,"width":0},"wordCount":517,"keywords":null},{"@type":"Article","@id":"https:\/\/www.leurope.cz\/pomahejte-ale-s-rozumem\/","headline":"Pom\u00e1hejte, ale s rozumem","url":"https:\/\/www.leurope.cz\/pomahejte-ale-s-rozumem\/","datePublished":"2023-05-19","dateModified":"2023-05-19","mainEntityOfPage":"https:\/\/www.leurope.cz\/pomahejte-ale-s-rozumem\/","author":{"@type":"Person","@id":"https:\/\/www.leurope.cz\/author\/#Person","name":"","url":"https:\/\/www.leurope.cz\/author\/","identifier":1,"image":{"@type":"ImageObject","@id":"https:\/\/secure.gravatar.com\/avatar\/c61c2d82e330ff9c70cf023b4c62d411e8407bcb38f85df591fa270717754b44?s=96&d=mm&r=g","url":"https:\/\/secure.gravatar.com\/avatar\/c61c2d82e330ff9c70cf023b4c62d411e8407bcb38f85df591fa270717754b44?s=96&d=mm&r=g","height":96,"width":96}},"publisher":{"@type":"Organization","name":"leurope.cz","logo":{"@type":"ImageObject","@id":"\/logo.png","url":"\/logo.png","width":600,"height":60}},"image":{"@type":"ImageObject","@id":"https:\/\/www.leurope.cz\/wp-content\/uploads\/img_a331739_w2665_t1544282158.jpg","url":"https:\/\/www.leurope.cz\/wp-content\/uploads\/img_a331739_w2665_t1544282158.jpg","height":0,"width":0},"wordCount":4605,"keywords":null},{"@type":"Article","@id":"https:\/\/www.leurope.cz\/boty-ktere-doporucuji-zdravotnici\/","headline":"Boty, kter\u00e9 doporu\u010duj\u00ed zdravotn\u00edci","url":"https:\/\/www.leurope.cz\/boty-ktere-doporucuji-zdravotnici\/","datePublished":"2023-05-19","dateModified":"2023-05-19","mainEntityOfPage":"https:\/\/www.leurope.cz\/boty-ktere-doporucuji-zdravotnici\/","author":{"@type":"Person","@id":"https:\/\/www.leurope.cz\/author\/#Person","name":"","url":"https:\/\/www.leurope.cz\/author\/","identifier":1,"image":{"@type":"ImageObject","@id":"https:\/\/secure.gravatar.com\/avatar\/c61c2d82e330ff9c70cf023b4c62d411e8407bcb38f85df591fa270717754b44?s=96&d=mm&r=g","url":"https:\/\/secure.gravatar.com\/avatar\/c61c2d82e330ff9c70cf023b4c62d411e8407bcb38f85df591fa270717754b44?s=96&d=mm&r=g","height":96,"width":96}},"publisher":{"@type":"Organization","name":"leurope.cz","logo":{"@type":"ImageObject","@id":"\/logo.png","url":"\/logo.png","width":600,"height":60}},"image":{"@type":"ImageObject","@id":"https:\/\/www.leurope.cz\/wp-content\/uploads\/img_a329541_w2548_t1541949809.jpg","url":"https:\/\/www.leurope.cz\/wp-content\/uploads\/img_a329541_w2548_t1541949809.jpg","height":0,"width":0},"wordCount":4475,"keywords":null},{"@type":"Article","@id":"https:\/\/www.leurope.cz\/po-boku-partnerky-a-jejiho-ditete\/","headline":"Po boku partnerky a jej\u00edho d\u00edt\u011bte","url":"https:\/\/www.leurope.cz\/po-boku-partnerky-a-jejiho-ditete\/","datePublished":"2023-05-19","dateModified":"2023-05-19","mainEntityOfPage":"https:\/\/www.leurope.cz\/po-boku-partnerky-a-jejiho-ditete\/","author":{"@type":"Person","@id":"https:\/\/www.leurope.cz\/author\/#Person","name":"","url":"https:\/\/www.leurope.cz\/author\/","identifier":1,"image":{"@type":"ImageObject","@id":"https:\/\/secure.gravatar.com\/avatar\/c61c2d82e330ff9c70cf023b4c62d411e8407bcb38f85df591fa270717754b44?s=96&d=mm&r=g","url":"https:\/\/secure.gravatar.com\/avatar\/c61c2d82e330ff9c70cf023b4c62d411e8407bcb38f85df591fa270717754b44?s=96&d=mm&r=g","height":96,"width":96}},"publisher":{"@type":"Organization","name":"leurope.cz","logo":{"@type":"ImageObject","@id":"\/logo.png","url":"\/logo.png","width":600,"height":60}},"image":{"@type":"ImageObject","@id":"https:\/\/www.leurope.cz\/wp-content\/uploads\/img_a312111_w1978_t1523172777.jpg","url":"https:\/\/www.leurope.cz\/wp-content\/uploads\/img_a312111_w1978_t1523172777.jpg","height":0,"width":0},"wordCount":608,"keywords":null}]},{"@context":"https:\/\/schema.org","@type":"WebSite","@id":"https:\/\/www.leurope.cz\/#website","name":"Leurope","url":"https:\/\/www.leurope.cz","potentialAction":{"@type":"SearchAction","target":"https:\/\/www.leurope.cz\/?s={search_term_string}","query-input":"required name=search_term_string"}}]