[{"@context":"https:\/\/schema.org\/","@type":"Blog","@id":"https:\/\/www.leurope.cz#Blog","headline":"Leurope","description":"\nNev\u00edme sice, kolik m\u00e1te p\u0159\u00e1tel, ale jsme si jisti t\u00edm, \u017ee p\u0159\u00e1tel nen\u00ed nikdy dost. A proto v\u00e1m nab\u00edz\u00edme prost\u0159ednictv\u00edm na\u0161eho webu sv\u00e9 nehynouc\u00ed p\u0159\u00e1telstv\u00ed.","url":"https:\/\/www.leurope.cz","hasPart":[{"@type":"Article","@id":"https:\/\/www.leurope.cz\/uzasna-pochoutka-z-italie\/","headline":"\u00da\u017easn\u00e1 pochoutka z It\u00e1lie","url":"https:\/\/www.leurope.cz\/uzasna-pochoutka-z-italie\/","datePublished":"2024-12-10","dateModified":"2024-12-10","mainEntityOfPage":"https:\/\/www.leurope.cz\/uzasna-pochoutka-z-italie\/","author":{"@type":"Person","@id":"https:\/\/www.leurope.cz\/author\/#Person","name":"","url":"https:\/\/www.leurope.cz\/author\/","identifier":1,"image":{"@type":"ImageObject","@id":"https:\/\/secure.gravatar.com\/avatar\/c61c2d82e330ff9c70cf023b4c62d411e8407bcb38f85df591fa270717754b44?s=96&d=mm&r=g","url":"https:\/\/secure.gravatar.com\/avatar\/c61c2d82e330ff9c70cf023b4c62d411e8407bcb38f85df591fa270717754b44?s=96&d=mm&r=g","height":96,"width":96}},"publisher":{"@type":"Organization","name":"leurope.cz","logo":{"@type":"ImageObject","@id":"\/logo.png","url":"\/logo.png","width":600,"height":60}},"image":null,"wordCount":223,"keywords":null},{"@type":"Article","@id":"https:\/\/www.leurope.cz\/linkbuilding\/","headline":"Linkbuilding","url":"https:\/\/www.leurope.cz\/linkbuilding\/","datePublished":"2024-12-03","dateModified":"2024-12-03","mainEntityOfPage":"https:\/\/www.leurope.cz\/linkbuilding\/","author":{"@type":"Person","@id":"https:\/\/www.leurope.cz\/author\/#Person","name":"","url":"https:\/\/www.leurope.cz\/author\/","identifier":1,"image":{"@type":"ImageObject","@id":"https:\/\/secure.gravatar.com\/avatar\/c61c2d82e330ff9c70cf023b4c62d411e8407bcb38f85df591fa270717754b44?s=96&d=mm&r=g","url":"https:\/\/secure.gravatar.com\/avatar\/c61c2d82e330ff9c70cf023b4c62d411e8407bcb38f85df591fa270717754b44?s=96&d=mm&r=g","height":96,"width":96}},"publisher":{"@type":"Organization","name":"leurope.cz","logo":{"@type":"ImageObject","@id":"\/logo.png","url":"\/logo.png","width":600,"height":60}},"image":null,"wordCount":203,"keywords":null},{"@type":"Article","@id":"https:\/\/www.leurope.cz\/nakupovat-u-nas-se-rozhodne-vyplati\/","headline":"Nakupovat u n\u00e1s se rozhodn\u011b vyplat\u00ed","url":"https:\/\/www.leurope.cz\/nakupovat-u-nas-se-rozhodne-vyplati\/","datePublished":"2024-11-22","dateModified":"2024-11-22","mainEntityOfPage":"https:\/\/www.leurope.cz\/nakupovat-u-nas-se-rozhodne-vyplati\/","author":{"@type":"Person","@id":"https:\/\/www.leurope.cz\/author\/#Person","name":"","url":"https:\/\/www.leurope.cz\/author\/","identifier":1,"image":{"@type":"ImageObject","@id":"https:\/\/secure.gravatar.com\/avatar\/c61c2d82e330ff9c70cf023b4c62d411e8407bcb38f85df591fa270717754b44?s=96&d=mm&r=g","url":"https:\/\/secure.gravatar.com\/avatar\/c61c2d82e330ff9c70cf023b4c62d411e8407bcb38f85df591fa270717754b44?s=96&d=mm&r=g","height":96,"width":96}},"publisher":{"@type":"Organization","name":"leurope.cz","logo":{"@type":"ImageObject","@id":"\/logo.png","url":"\/logo.png","width":600,"height":60}},"image":null,"wordCount":194,"keywords":null},{"@type":"Article","@id":"https:\/\/www.leurope.cz\/na-cely-zivot\/","headline":"Na cel\u00fd \u017eivot","url":"https:\/\/www.leurope.cz\/na-cely-zivot\/","datePublished":"2024-11-19","dateModified":"2024-11-19","mainEntityOfPage":"https:\/\/www.leurope.cz\/na-cely-zivot\/","author":{"@type":"Person","@id":"https:\/\/www.leurope.cz\/author\/#Person","name":"","url":"https:\/\/www.leurope.cz\/author\/","identifier":1,"image":{"@type":"ImageObject","@id":"https:\/\/secure.gravatar.com\/avatar\/c61c2d82e330ff9c70cf023b4c62d411e8407bcb38f85df591fa270717754b44?s=96&d=mm&r=g","url":"https:\/\/secure.gravatar.com\/avatar\/c61c2d82e330ff9c70cf023b4c62d411e8407bcb38f85df591fa270717754b44?s=96&d=mm&r=g","height":96,"width":96}},"publisher":{"@type":"Organization","name":"leurope.cz","logo":{"@type":"ImageObject","@id":"\/logo.png","url":"\/logo.png","width":600,"height":60}},"image":null,"wordCount":239,"keywords":null},{"@type":"Article","@id":"https:\/\/www.leurope.cz\/nabytkovy-svet\/","headline":"N\u00e1bytkov\u00fd sv\u011bt","url":"https:\/\/www.leurope.cz\/nabytkovy-svet\/","datePublished":"2024-11-09","dateModified":"2024-11-09","mainEntityOfPage":"https:\/\/www.leurope.cz\/nabytkovy-svet\/","author":{"@type":"Person","@id":"https:\/\/www.leurope.cz\/author\/#Person","name":"","url":"https:\/\/www.leurope.cz\/author\/","identifier":1,"image":{"@type":"ImageObject","@id":"https:\/\/secure.gravatar.com\/avatar\/c61c2d82e330ff9c70cf023b4c62d411e8407bcb38f85df591fa270717754b44?s=96&d=mm&r=g","url":"https:\/\/secure.gravatar.com\/avatar\/c61c2d82e330ff9c70cf023b4c62d411e8407bcb38f85df591fa270717754b44?s=96&d=mm&r=g","height":96,"width":96}},"publisher":{"@type":"Organization","name":"leurope.cz","logo":{"@type":"ImageObject","@id":"\/logo.png","url":"\/logo.png","width":600,"height":60}},"image":null,"wordCount":245,"keywords":null},{"@type":"Article","@id":"https:\/\/www.leurope.cz\/luxus-elegance-a-vse-co-by-si-prala-mit-opravdu-kazda-zena\/","headline":"Luxus, elegance a v\u0161e, co by si p\u0159\u00e1la m\u00edt opravdu ka\u017ed\u00e1 \u017eena","url":"https:\/\/www.leurope.cz\/luxus-elegance-a-vse-co-by-si-prala-mit-opravdu-kazda-zena\/","datePublished":"2024-11-03","dateModified":"2024-11-03","mainEntityOfPage":"https:\/\/www.leurope.cz\/luxus-elegance-a-vse-co-by-si-prala-mit-opravdu-kazda-zena\/","author":{"@type":"Person","@id":"https:\/\/www.leurope.cz\/author\/#Person","name":"","url":"https:\/\/www.leurope.cz\/author\/","identifier":1,"image":{"@type":"ImageObject","@id":"https:\/\/secure.gravatar.com\/avatar\/c61c2d82e330ff9c70cf023b4c62d411e8407bcb38f85df591fa270717754b44?s=96&d=mm&r=g","url":"https:\/\/secure.gravatar.com\/avatar\/c61c2d82e330ff9c70cf023b4c62d411e8407bcb38f85df591fa270717754b44?s=96&d=mm&r=g","height":96,"width":96}},"publisher":{"@type":"Organization","name":"leurope.cz","logo":{"@type":"ImageObject","@id":"\/logo.png","url":"\/logo.png","width":600,"height":60}},"image":null,"wordCount":304,"keywords":null},{"@type":"Article","@id":"https:\/\/www.leurope.cz\/hlavne-produkty\/","headline":"Hlavn\u00e9 produkty","url":"https:\/\/www.leurope.cz\/hlavne-produkty\/","datePublished":"2024-10-28","dateModified":"2024-10-28","mainEntityOfPage":"https:\/\/www.leurope.cz\/hlavne-produkty\/","author":{"@type":"Person","@id":"https:\/\/www.leurope.cz\/author\/#Person","name":"","url":"https:\/\/www.leurope.cz\/author\/","identifier":1,"image":{"@type":"ImageObject","@id":"https:\/\/secure.gravatar.com\/avatar\/c61c2d82e330ff9c70cf023b4c62d411e8407bcb38f85df591fa270717754b44?s=96&d=mm&r=g","url":"https:\/\/secure.gravatar.com\/avatar\/c61c2d82e330ff9c70cf023b4c62d411e8407bcb38f85df591fa270717754b44?s=96&d=mm&r=g","height":96,"width":96}},"publisher":{"@type":"Organization","name":"leurope.cz","logo":{"@type":"ImageObject","@id":"\/logo.png","url":"\/logo.png","width":600,"height":60}},"image":null,"wordCount":272,"keywords":null},{"@type":"Article","@id":"https:\/\/www.leurope.cz\/karcher-je-kvalita-ktere-muzete-verit\/","headline":"Karcher je kvalita, kter\u00e9 m\u016f\u017eete v\u011b\u0159it","url":"https:\/\/www.leurope.cz\/karcher-je-kvalita-ktere-muzete-verit\/","datePublished":"2024-10-16","dateModified":"2024-10-16","mainEntityOfPage":"https:\/\/www.leurope.cz\/karcher-je-kvalita-ktere-muzete-verit\/","author":{"@type":"Person","@id":"https:\/\/www.leurope.cz\/author\/#Person","name":"","url":"https:\/\/www.leurope.cz\/author\/","identifier":1,"image":{"@type":"ImageObject","@id":"https:\/\/secure.gravatar.com\/avatar\/c61c2d82e330ff9c70cf023b4c62d411e8407bcb38f85df591fa270717754b44?s=96&d=mm&r=g","url":"https:\/\/secure.gravatar.com\/avatar\/c61c2d82e330ff9c70cf023b4c62d411e8407bcb38f85df591fa270717754b44?s=96&d=mm&r=g","height":96,"width":96}},"publisher":{"@type":"Organization","name":"leurope.cz","logo":{"@type":"ImageObject","@id":"\/logo.png","url":"\/logo.png","width":600,"height":60}},"image":null,"wordCount":278,"keywords":null},{"@type":"Article","@id":"https:\/\/www.leurope.cz\/nejlepsi-evropska-mesta-pro-vikendove-pobyty\/","headline":"Nejlep\u0161\u00ed evropsk\u00e1 m\u011bsta pro v\u00edkendov\u00e9 pobyty","url":"https:\/\/www.leurope.cz\/nejlepsi-evropska-mesta-pro-vikendove-pobyty\/","datePublished":"2024-04-29","dateModified":"2024-04-29","mainEntityOfPage":"https:\/\/www.leurope.cz\/nejlepsi-evropska-mesta-pro-vikendove-pobyty\/","author":{"@type":"Person","@id":"https:\/\/www.leurope.cz\/author\/#Person","name":"","url":"https:\/\/www.leurope.cz\/author\/","identifier":1,"image":{"@type":"ImageObject","@id":"https:\/\/secure.gravatar.com\/avatar\/c61c2d82e330ff9c70cf023b4c62d411e8407bcb38f85df591fa270717754b44?s=96&d=mm&r=g","url":"https:\/\/secure.gravatar.com\/avatar\/c61c2d82e330ff9c70cf023b4c62d411e8407bcb38f85df591fa270717754b44?s=96&d=mm&r=g","height":96,"width":96}},"publisher":{"@type":"Organization","name":"leurope.cz","logo":{"@type":"ImageObject","@id":"\/logo.png","url":"\/logo.png","width":600,"height":60}},"image":{"@type":"ImageObject","@id":"https:\/\/www.leurope.cz\/wp-content\/uploads\/anthony-delanoix-aDxmYZtYj7g-unsplash_1.jpg","url":"https:\/\/www.leurope.cz\/wp-content\/uploads\/anthony-delanoix-aDxmYZtYj7g-unsplash_1.jpg","height":0,"width":0},"wordCount":559,"keywords":null},{"@type":"Article","@id":"https:\/\/www.leurope.cz\/linkedin-a-eshop\/","headline":"LinkedIn a eshop","url":"https:\/\/www.leurope.cz\/linkedin-a-eshop\/","datePublished":"2024-04-23","dateModified":"2024-04-23","mainEntityOfPage":"https:\/\/www.leurope.cz\/linkedin-a-eshop\/","author":{"@type":"Person","@id":"https:\/\/www.leurope.cz\/author\/#Person","name":"","url":"https:\/\/www.leurope.cz\/author\/","identifier":1,"image":{"@type":"ImageObject","@id":"https:\/\/secure.gravatar.com\/avatar\/c61c2d82e330ff9c70cf023b4c62d411e8407bcb38f85df591fa270717754b44?s=96&d=mm&r=g","url":"https:\/\/secure.gravatar.com\/avatar\/c61c2d82e330ff9c70cf023b4c62d411e8407bcb38f85df591fa270717754b44?s=96&d=mm&r=g","height":96,"width":96}},"publisher":{"@type":"Organization","name":"leurope.cz","logo":{"@type":"ImageObject","@id":"\/logo.png","url":"\/logo.png","width":600,"height":60}},"image":{"@type":"ImageObject","@id":"https:\/\/www.leurope.cz\/wp-content\/uploads\/linkedin-2616651_960_720.jpg","url":"https:\/\/www.leurope.cz\/wp-content\/uploads\/linkedin-2616651_960_720.jpg","height":0,"width":0},"wordCount":530,"keywords":null}]},{"@context":"https:\/\/schema.org","@type":"WebSite","@id":"https:\/\/www.leurope.cz\/#website","name":"Leurope","url":"https:\/\/www.leurope.cz","potentialAction":{"@type":"SearchAction","target":"https:\/\/www.leurope.cz\/?s={search_term_string}","query-input":"required name=search_term_string"}}]