[{"@context":"https:\/\/schema.org\/","@type":"Blog","@id":"https:\/\/www.leurope.cz#Blog","headline":"Leurope","description":"\nNev\u00edme sice, kolik m\u00e1te p\u0159\u00e1tel, ale jsme si jisti t\u00edm, \u017ee p\u0159\u00e1tel nen\u00ed nikdy dost. A proto v\u00e1m nab\u00edz\u00edme prost\u0159ednictv\u00edm na\u0161eho webu sv\u00e9 nehynouc\u00ed p\u0159\u00e1telstv\u00ed.","url":"https:\/\/www.leurope.cz","hasPart":[{"@type":"Article","@id":"https:\/\/www.leurope.cz\/behani-po-uradech-nechte-jinym\/","headline":"B\u011bh\u00e1n\u00ed po \u00fa\u0159adech nechte jin\u00fdm","url":"https:\/\/www.leurope.cz\/behani-po-uradech-nechte-jinym\/","datePublished":"2022-02-09","dateModified":"2023-05-19","mainEntityOfPage":"https:\/\/www.leurope.cz\/behani-po-uradech-nechte-jinym\/","author":{"@type":"Person","@id":"https:\/\/www.leurope.cz\/author\/#Person","name":"","url":"https:\/\/www.leurope.cz\/author\/","identifier":1,"image":{"@type":"ImageObject","@id":"https:\/\/secure.gravatar.com\/avatar\/c61c2d82e330ff9c70cf023b4c62d411e8407bcb38f85df591fa270717754b44?s=96&d=mm&r=g","url":"https:\/\/secure.gravatar.com\/avatar\/c61c2d82e330ff9c70cf023b4c62d411e8407bcb38f85df591fa270717754b44?s=96&d=mm&r=g","height":96,"width":96}},"publisher":{"@type":"Organization","name":"leurope.cz","logo":{"@type":"ImageObject","@id":"\/logo.png","url":"\/logo.png","width":600,"height":60}},"image":{"@type":"ImageObject","@id":"https:\/\/www.leurope.cz\/wp-content\/uploads\/files-gb4e140e32_640.jpg","url":"https:\/\/www.leurope.cz\/wp-content\/uploads\/files-gb4e140e32_640.jpg","height":0,"width":0},"wordCount":637,"keywords":null},{"@type":"Article","@id":"https:\/\/www.leurope.cz\/hromosvody-jsou-dulezite\/","headline":"Hromosvody jsou d\u016fle\u017eit\u00e9","url":"https:\/\/www.leurope.cz\/hromosvody-jsou-dulezite\/","datePublished":"2022-02-09","dateModified":"2023-05-19","mainEntityOfPage":"https:\/\/www.leurope.cz\/hromosvody-jsou-dulezite\/","author":{"@type":"Person","@id":"https:\/\/www.leurope.cz\/author\/#Person","name":"","url":"https:\/\/www.leurope.cz\/author\/","identifier":1,"image":{"@type":"ImageObject","@id":"https:\/\/secure.gravatar.com\/avatar\/c61c2d82e330ff9c70cf023b4c62d411e8407bcb38f85df591fa270717754b44?s=96&d=mm&r=g","url":"https:\/\/secure.gravatar.com\/avatar\/c61c2d82e330ff9c70cf023b4c62d411e8407bcb38f85df591fa270717754b44?s=96&d=mm&r=g","height":96,"width":96}},"publisher":{"@type":"Organization","name":"leurope.cz","logo":{"@type":"ImageObject","@id":"\/logo.png","url":"\/logo.png","width":600,"height":60}},"image":{"@type":"ImageObject","@id":"https:\/\/www.leurope.cz\/wp-content\/uploads\/house-g0b57cad2b_1920.jpg","url":"https:\/\/www.leurope.cz\/wp-content\/uploads\/house-g0b57cad2b_1920.jpg","height":0,"width":0},"wordCount":710,"keywords":null},{"@type":"Article","@id":"https:\/\/www.leurope.cz\/finsko-zeme-tisicu-jezer\/","headline":"Finsko, zem\u011b tis\u00edc\u016f jezer","url":"https:\/\/www.leurope.cz\/finsko-zeme-tisicu-jezer\/","datePublished":"2021-12-22","dateModified":"2023-05-19","mainEntityOfPage":"https:\/\/www.leurope.cz\/finsko-zeme-tisicu-jezer\/","author":{"@type":"Person","@id":"https:\/\/www.leurope.cz\/author\/#Person","name":"","url":"https:\/\/www.leurope.cz\/author\/","identifier":1,"image":{"@type":"ImageObject","@id":"https:\/\/secure.gravatar.com\/avatar\/c61c2d82e330ff9c70cf023b4c62d411e8407bcb38f85df591fa270717754b44?s=96&d=mm&r=g","url":"https:\/\/secure.gravatar.com\/avatar\/c61c2d82e330ff9c70cf023b4c62d411e8407bcb38f85df591fa270717754b44?s=96&d=mm&r=g","height":96,"width":96}},"publisher":{"@type":"Organization","name":"leurope.cz","logo":{"@type":"ImageObject","@id":"\/logo.png","url":"\/logo.png","width":600,"height":60}},"image":{"@type":"ImageObject","@id":"https:\/\/www.leurope.cz\/wp-content\/uploads\/pexels-baptiste-valthier-997611.jpg","url":"https:\/\/www.leurope.cz\/wp-content\/uploads\/pexels-baptiste-valthier-997611.jpg","height":0,"width":0},"wordCount":776,"keywords":null},{"@type":"Article","@id":"https:\/\/www.leurope.cz\/co-by-mela-umet-trekova-obuv\/","headline":"Co by m\u011bla um\u011bt trekov\u00e1 obuv","url":"https:\/\/www.leurope.cz\/co-by-mela-umet-trekova-obuv\/","datePublished":"2021-12-11","dateModified":"2023-05-19","mainEntityOfPage":"https:\/\/www.leurope.cz\/co-by-mela-umet-trekova-obuv\/","author":{"@type":"Person","@id":"https:\/\/www.leurope.cz\/author\/#Person","name":"","url":"https:\/\/www.leurope.cz\/author\/","identifier":1,"image":{"@type":"ImageObject","@id":"https:\/\/secure.gravatar.com\/avatar\/c61c2d82e330ff9c70cf023b4c62d411e8407bcb38f85df591fa270717754b44?s=96&d=mm&r=g","url":"https:\/\/secure.gravatar.com\/avatar\/c61c2d82e330ff9c70cf023b4c62d411e8407bcb38f85df591fa270717754b44?s=96&d=mm&r=g","height":96,"width":96}},"publisher":{"@type":"Organization","name":"leurope.cz","logo":{"@type":"ImageObject","@id":"\/logo.png","url":"\/logo.png","width":600,"height":60}},"image":{"@type":"ImageObject","@id":"https:\/\/www.leurope.cz\/wp-content\/uploads\/potreby_pro_trek_%E2%80%93_batoh,_boty_XQCFo0.jpg","url":"https:\/\/www.leurope.cz\/wp-content\/uploads\/potreby_pro_trek_%E2%80%93_batoh,_boty_XQCFo0.jpg","height":0,"width":0},"wordCount":563,"keywords":null},{"@type":"Article","@id":"https:\/\/www.leurope.cz\/stylove-schodiste-do-maleho-prostoru\/","headline":"Stylov\u00e9 schodi\u0161t\u011b do mal\u00e9ho prostoru","url":"https:\/\/www.leurope.cz\/stylove-schodiste-do-maleho-prostoru\/","datePublished":"2021-12-08","dateModified":"2023-05-19","mainEntityOfPage":"https:\/\/www.leurope.cz\/stylove-schodiste-do-maleho-prostoru\/","author":{"@type":"Person","@id":"https:\/\/www.leurope.cz\/author\/#Person","name":"","url":"https:\/\/www.leurope.cz\/author\/","identifier":1,"image":{"@type":"ImageObject","@id":"https:\/\/secure.gravatar.com\/avatar\/c61c2d82e330ff9c70cf023b4c62d411e8407bcb38f85df591fa270717754b44?s=96&d=mm&r=g","url":"https:\/\/secure.gravatar.com\/avatar\/c61c2d82e330ff9c70cf023b4c62d411e8407bcb38f85df591fa270717754b44?s=96&d=mm&r=g","height":96,"width":96}},"publisher":{"@type":"Organization","name":"leurope.cz","logo":{"@type":"ImageObject","@id":"\/logo.png","url":"\/logo.png","width":600,"height":60}},"image":{"@type":"ImageObject","@id":"https:\/\/www.leurope.cz\/wp-content\/uploads\/schodi%C5%A1t%C4%9B_10_6.jpg","url":"https:\/\/www.leurope.cz\/wp-content\/uploads\/schodi%C5%A1t%C4%9B_10_6.jpg","height":0,"width":0},"wordCount":608,"keywords":null},{"@type":"Article","@id":"https:\/\/www.leurope.cz\/proc-ma-usa-tak-spatnou-verejnou-hromadnou-dopravu\/","headline":"Pro\u010d m\u00e1 USA tak \u0161patnou ve\u0159ejnou hromadnou dopravu?","url":"https:\/\/www.leurope.cz\/proc-ma-usa-tak-spatnou-verejnou-hromadnou-dopravu\/","datePublished":"2021-09-27","dateModified":"2023-05-19","mainEntityOfPage":"https:\/\/www.leurope.cz\/proc-ma-usa-tak-spatnou-verejnou-hromadnou-dopravu\/","author":{"@type":"Person","@id":"https:\/\/www.leurope.cz\/author\/#Person","name":"","url":"https:\/\/www.leurope.cz\/author\/","identifier":1,"image":{"@type":"ImageObject","@id":"https:\/\/secure.gravatar.com\/avatar\/c61c2d82e330ff9c70cf023b4c62d411e8407bcb38f85df591fa270717754b44?s=96&d=mm&r=g","url":"https:\/\/secure.gravatar.com\/avatar\/c61c2d82e330ff9c70cf023b4c62d411e8407bcb38f85df591fa270717754b44?s=96&d=mm&r=g","height":96,"width":96}},"publisher":{"@type":"Organization","name":"leurope.cz","logo":{"@type":"ImageObject","@id":"\/logo.png","url":"\/logo.png","width":600,"height":60}},"image":{"@type":"ImageObject","@id":"https:\/\/www.leurope.cz\/wp-content\/uploads\/auto3_4.jpg","url":"https:\/\/www.leurope.cz\/wp-content\/uploads\/auto3_4.jpg","height":0,"width":0},"wordCount":590,"keywords":null},{"@type":"Article","@id":"https:\/\/www.leurope.cz\/odhad-ceny-nemovitosti\/","headline":"Odhad ceny nemovitosti","url":"https:\/\/www.leurope.cz\/odhad-ceny-nemovitosti\/","datePublished":"2021-08-23","dateModified":"2023-08-17","mainEntityOfPage":"https:\/\/www.leurope.cz\/odhad-ceny-nemovitosti\/","author":{"@type":"Person","@id":"https:\/\/www.leurope.cz\/author\/#Person","name":"","url":"https:\/\/www.leurope.cz\/author\/","identifier":1,"image":{"@type":"ImageObject","@id":"https:\/\/secure.gravatar.com\/avatar\/c61c2d82e330ff9c70cf023b4c62d411e8407bcb38f85df591fa270717754b44?s=96&d=mm&r=g","url":"https:\/\/secure.gravatar.com\/avatar\/c61c2d82e330ff9c70cf023b4c62d411e8407bcb38f85df591fa270717754b44?s=96&d=mm&r=g","height":96,"width":96}},"publisher":{"@type":"Organization","name":"leurope.cz","logo":{"@type":"ImageObject","@id":"\/logo.png","url":"\/logo.png","width":600,"height":60}},"image":{"@type":"ImageObject","@id":"https:\/\/www.leurope.cz\/wp-content\/uploads\/finance_SVjxkE.jpg","url":"https:\/\/www.leurope.cz\/wp-content\/uploads\/finance_SVjxkE.jpg","height":0,"width":0},"wordCount":497,"keywords":null},{"@type":"Article","@id":"https:\/\/www.leurope.cz\/kamenne-obklady-do-interieru-nestarnouci-klasika\/","headline":"Kamenn\u00e9 obklady do interi\u00e9ru \u2013 nest\u00e1rnouc\u00ed klasika","url":"https:\/\/www.leurope.cz\/kamenne-obklady-do-interieru-nestarnouci-klasika\/","datePublished":"2021-08-18","dateModified":"2021-08-18","mainEntityOfPage":"https:\/\/www.leurope.cz\/kamenne-obklady-do-interieru-nestarnouci-klasika\/","author":{"@type":"Person","@id":"https:\/\/www.leurope.cz\/author\/#Person","name":"","url":"https:\/\/www.leurope.cz\/author\/","identifier":1,"image":{"@type":"ImageObject","@id":"https:\/\/secure.gravatar.com\/avatar\/c61c2d82e330ff9c70cf023b4c62d411e8407bcb38f85df591fa270717754b44?s=96&d=mm&r=g","url":"https:\/\/secure.gravatar.com\/avatar\/c61c2d82e330ff9c70cf023b4c62d411e8407bcb38f85df591fa270717754b44?s=96&d=mm&r=g","height":96,"width":96}},"publisher":{"@type":"Organization","name":"leurope.cz","logo":{"@type":"ImageObject","@id":"\/logo.png","url":"\/logo.png","width":600,"height":60}},"image":{"@type":"ImageObject","@id":"https:\/\/www.leurope.cz\/wp-content\/uploads\/kamenn%C3%BD%20obklad_5.jpg","url":"https:\/\/www.leurope.cz\/wp-content\/uploads\/kamenn%C3%BD%20obklad_5.jpg","height":0,"width":0},"wordCount":527,"keywords":null},{"@type":"Article","@id":"https:\/\/www.leurope.cz\/interier-ozvlastni-dekorace\/","headline":"Interi\u00e9r ozvl\u00e1\u0161tn\u00ed dekorace","url":"https:\/\/www.leurope.cz\/interier-ozvlastni-dekorace\/","datePublished":"2021-08-06","dateModified":"2023-05-19","mainEntityOfPage":"https:\/\/www.leurope.cz\/interier-ozvlastni-dekorace\/","author":{"@type":"Person","@id":"https:\/\/www.leurope.cz\/author\/#Person","name":"","url":"https:\/\/www.leurope.cz\/author\/","identifier":1,"image":{"@type":"ImageObject","@id":"https:\/\/secure.gravatar.com\/avatar\/c61c2d82e330ff9c70cf023b4c62d411e8407bcb38f85df591fa270717754b44?s=96&d=mm&r=g","url":"https:\/\/secure.gravatar.com\/avatar\/c61c2d82e330ff9c70cf023b4c62d411e8407bcb38f85df591fa270717754b44?s=96&d=mm&r=g","height":96,"width":96}},"publisher":{"@type":"Organization","name":"leurope.cz","logo":{"@type":"ImageObject","@id":"\/logo.png","url":"\/logo.png","width":600,"height":60}},"image":{"@type":"ImageObject","@id":"https:\/\/www.leurope.cz\/wp-content\/uploads\/Zaj%C3%ADmav%C3%A1%20dekorace_dgvsjp.jpg","url":"https:\/\/www.leurope.cz\/wp-content\/uploads\/Zaj%C3%ADmav%C3%A1%20dekorace_dgvsjp.jpg","height":0,"width":0},"wordCount":549,"keywords":null},{"@type":"Article","@id":"https:\/\/www.leurope.cz\/bazenova-chemie\/","headline":"Baz\u00e9nov\u00e1 chemie","url":"https:\/\/www.leurope.cz\/bazenova-chemie\/","datePublished":"2021-07-24","dateModified":"2023-05-19","mainEntityOfPage":"https:\/\/www.leurope.cz\/bazenova-chemie\/","author":{"@type":"Person","@id":"https:\/\/www.leurope.cz\/author\/#Person","name":"","url":"https:\/\/www.leurope.cz\/author\/","identifier":1,"image":{"@type":"ImageObject","@id":"https:\/\/secure.gravatar.com\/avatar\/c61c2d82e330ff9c70cf023b4c62d411e8407bcb38f85df591fa270717754b44?s=96&d=mm&r=g","url":"https:\/\/secure.gravatar.com\/avatar\/c61c2d82e330ff9c70cf023b4c62d411e8407bcb38f85df591fa270717754b44?s=96&d=mm&r=g","height":96,"width":96}},"publisher":{"@type":"Organization","name":"leurope.cz","logo":{"@type":"ImageObject","@id":"\/logo.png","url":"\/logo.png","width":600,"height":60}},"image":{"@type":"ImageObject","@id":"https:\/\/www.leurope.cz\/wp-content\/uploads\/Baz%C3%A9n%20(3).jpg","url":"https:\/\/www.leurope.cz\/wp-content\/uploads\/Baz%C3%A9n%20(3).jpg","height":0,"width":0},"wordCount":581,"keywords":null}]},{"@context":"https:\/\/schema.org","@type":"WebSite","@id":"https:\/\/www.leurope.cz\/#website","name":"Leurope","url":"https:\/\/www.leurope.cz","potentialAction":{"@type":"SearchAction","target":"https:\/\/www.leurope.cz\/?s={search_term_string}","query-input":"required name=search_term_string"}}]