[{"@context":"https:\/\/schema.org\/","@type":"Article","@id":"https:\/\/www.leurope.cz\/oversized-je-hitem-poslednich-let\/#Article","mainEntityOfPage":"https:\/\/www.leurope.cz\/oversized-je-hitem-poslednich-let\/","headline":"Oversized je hitem posledn\u00edch let","name":"Oversized je hitem posledn\u00edch let","description":"Dal\u0161\u00ed z\u00a0anglick\u00fdch pojm\u016f. To je v\u00a0oblasti m\u00f3dy oversized. Jde o kousky, kter\u00e9 jsou prost\u011b velk\u00e9. Vypadaj\u00ed, jako by \u010dlov\u011bku byly o n\u011bkolik \u010d\u00edsel v\u011bt\u0161\u00ed, ale sv\u011bt m\u00f3dy prost\u011b dobyly. Ob\u0159\u00ed tri\u010dka, mikiny, svetry. Odst\u00e1vaj\u00ed kolem bok\u016f a pasu, \u201enafoukl\u00e9\u201c jsou ale i ruk\u00e1vy. Spousta takov\u00fdchto kousk\u016f je i del\u0161\u00ed, ne\u017e b\u00fdv\u00e1 zvykem. Na d\u00edvk\u00e1ch \u010dasto [&hellip;]","datePublished":"2019-07-27","dateModified":"2023-05-19","author":{"@type":"Person","@id":"https:\/\/www.leurope.cz\/author\/#Person","name":"","url":"https:\/\/www.leurope.cz\/author\/","identifier":1,"image":{"@type":"ImageObject","@id":"https:\/\/secure.gravatar.com\/avatar\/c61c2d82e330ff9c70cf023b4c62d411e8407bcb38f85df591fa270717754b44?s=96&d=mm&r=g","url":"https:\/\/secure.gravatar.com\/avatar\/c61c2d82e330ff9c70cf023b4c62d411e8407bcb38f85df591fa270717754b44?s=96&d=mm&r=g","height":96,"width":96}},"publisher":{"@type":"Organization","name":"leurope.cz","logo":{"@type":"ImageObject","@id":"\/logo.png","url":"\/logo.png","width":600,"height":60}},"image":{"@type":"ImageObject","@id":"https:\/\/www.leurope.cz\/wp-content\/uploads\/img_a350036_w1720_t1564919629.jpg","url":"https:\/\/www.leurope.cz\/wp-content\/uploads\/img_a350036_w1720_t1564919629.jpg","height":0,"width":0},"url":"https:\/\/www.leurope.cz\/oversized-je-hitem-poslednich-let\/","wordCount":436,"articleBody":"Dal\u0161\u00ed z\u00a0anglick\u00fdch pojm\u016f. To je v\u00a0oblasti m\u00f3dy oversized. Jde o kousky, kter\u00e9 jsou prost\u011b velk\u00e9. Vypadaj\u00ed, jako by \u010dlov\u011bku byly o n\u011bkolik \u010d\u00edsel v\u011bt\u0161\u00ed, ale sv\u011bt m\u00f3dy prost\u011b dobyly.\tOb\u0159\u00ed tri\u010dka, mikiny, svetry. Odst\u00e1vaj\u00ed kolem bok\u016f a pasu, \u201enafoukl\u00e9\u201c jsou ale i ruk\u00e1vy. Spousta takov\u00fdchto kousk\u016f je i del\u0161\u00ed, ne\u017e b\u00fdv\u00e1 zvykem. Na d\u00edvk\u00e1ch \u010dasto vypadaj\u00ed, jako by je pod\u011bdily po star\u0161\u00edm bratrovi. P\u0159esto jsou v\u0161ak velmi slu\u0161iv\u00e9. Star\u0161\u00ed generace jim v\u0161ak \u00fapln\u011b na chu\u0165 nep\u0159i\u0161la.\t\tMlad\u00e9 d\u00edvky je vol\u00ed z\u00a0mnoha d\u016fvod\u016f. Krom\u011b toho, \u017ee se jim prost\u011b l\u00edb\u00ed m\u016f\u017ee j\u00edt tak\u00e9 o to, \u017ee skryj\u00ed r\u016fzn\u00e9 nedostatky postavy. Pokud m\u00e1te v\u011bt\u0161\u00ed b\u0159\u00ed\u0161ko, zadek nebo stehna, mohou takov\u00e9to kousky \u010dasto velice napomoci. Velmi dob\u0159e v\u0161ak vypadaj\u00ed i na velmi \u00fatl\u00fdch postav\u00e1ch.\tV\u00a0posledn\u00edch letech je v\u00a0kurzu retro. Konkr\u00e9tn\u011b se hodn\u011b vrac\u00edme k\u00a0dob\u011b 70. a 80. let. K\u00a0t\u011bmto n\u00e1vrat\u016fm doch\u00e1z\u00ed v\u00a0atmosf\u00e9\u0159e nejr\u016fzn\u011bj\u0161\u00edch film\u016f i seri\u00e1l\u016f, kter\u00e9 se nat\u00e1\u010d\u00ed v\u00a0sou\u010dasnosti. Nejinak tomu je ale i u hudby, a pr\u00e1v\u011b i u oble\u010den\u00ed. V\u0161imli jste si, \u017ee i nap\u0159\u00edklad n\u00e1pisy na r\u016fzn\u00fdch mikin\u00e1ch a tri\u010dk\u00e1ch jsou v\u00a0takov\u00e9mto retro stylu? A pr\u00e1v\u011b i tyto st\u0159ihy, kter\u00e9 m\u011bly s\u00a0oversized leccos spole\u010dn\u00e9ho se vrac\u00ed.\tV\u00a0tomto st\u0159ihu koup\u00edte opravdu velk\u00e9 mno\u017estv\u00ed kousk\u016f. Od tri\u010dek, kter\u00e1 maj\u00ed \u010dasto v\u011bt\u0161\u00ed v\u00fdst\u0159ihy, kter\u00e9 r\u016fzn\u011b spadaj\u00ed z\u00a0ramen, p\u0159es svetry, a\u017e po \u0161aty. Tyto kousky mohou \u010dasto vypadat lehce beztv\u00e1rn\u011b. Ide\u00e1ln\u00ed je nap\u0159\u00edklad zkombinovat voln\u00fd, objemn\u00fd svetr s\u00a0velmi upnut\u00fdmi skinny d\u017e\u00edny.\tTyto kousky v\u0161ak nevypadaj\u00ed \u0161patn\u011b ani ve velmi kontrastn\u00edch kombinac\u00edch. Jemn\u00e9, d\u00edv\u010d\u00ed \u0161aty s\u00a0motivem kv\u011btin, klidn\u011b i krajkou a p\u0159es n\u011b p\u0159eta\u017een\u00fd obrovsk\u00fd, hu\u0148at\u00fd svetr. Mo\u017en\u00e1 se v\u00e1m to zd\u00e1 hodn\u011b neobvykl\u00e9, ale v\u011b\u0159te, je to tak\u00e9 velmi m\u00f3dn\u00ed.\t\tKrom\u011b toho, \u017ee je oversized oble\u010den\u00ed velice in, je takt\u00e9\u017e velmi pohodln\u00e9 a praktick\u00e9. M\u00e1te-li zrovna \u0161patnou n\u00e1ladu. Prost\u011b vezm\u011bte upnut\u00e9 d\u017e\u00edny, nadm\u011brn\u011b velkou mikinu a bude v\u00e1m velmi pohodln\u011b. Z\u00e1rove\u0148 budete i velice m\u00f3dn\u00ed \u2013 a to jste p\u0159itom zrovna nem\u011bla v\u016fbec n\u00e1ladu na to, abyste se par\u00e1dila!                                                                                                                                                                                                                                                                                                                                                                                        4.6\/5 - (9 votes)        "},{"@context":"https:\/\/schema.org\/","@type":"BreadcrumbList","itemListElement":[{"@type":"ListItem","position":1,"name":"Oversized je hitem posledn\u00edch let","item":"https:\/\/www.leurope.cz\/oversized-je-hitem-poslednich-let\/#breadcrumbitem"}]}]