[{"@context":"https:\/\/schema.org\/","@type":"Article","@id":"https:\/\/www.leurope.cz\/neridte-pod-vlivem\/#Article","mainEntityOfPage":"https:\/\/www.leurope.cz\/neridte-pod-vlivem\/","headline":"Ne\u0159i\u010fte pod vlivem","name":"Ne\u0159i\u010fte pod vlivem","description":"Kdy\u017e \u010dlov\u011bk n\u011bkam vyr\u00e1\u017e\u00ed autem, m\u011bl by si p\u0159edem dob\u0159e promyslet, co ho \u010dek\u00e1, ne\u017e se d\u00e1 do pit\u00ed. A to proto, \u017ee zjist\u00ed-li v tu v\u00edce a tu m\u00e9n\u011b podrou\u0161en\u00e9m stavu, \u017ee vlastn\u011b bude je\u0161t\u011b muset n\u011bkam jet, m\u00e1 probl\u00e9m. Proto\u017ee je takov\u00e1 j\u00edzda odporuj\u00edc\u00ed z\u00e1kon\u016fm, a to v tomto ohledu nezpochybniteln\u011b pln\u00fdm pr\u00e1vem. [&hellip;]","datePublished":"2019-11-27","dateModified":"2023-09-18","author":{"@type":"Person","@id":"https:\/\/www.leurope.cz\/author\/#Person","name":"","url":"https:\/\/www.leurope.cz\/author\/","identifier":1,"image":{"@type":"ImageObject","@id":"https:\/\/secure.gravatar.com\/avatar\/c61c2d82e330ff9c70cf023b4c62d411e8407bcb38f85df591fa270717754b44?s=96&d=mm&r=g","url":"https:\/\/secure.gravatar.com\/avatar\/c61c2d82e330ff9c70cf023b4c62d411e8407bcb38f85df591fa270717754b44?s=96&d=mm&r=g","height":96,"width":96}},"publisher":{"@type":"Organization","name":"leurope.cz","logo":{"@type":"ImageObject","@id":"\/logo.png","url":"\/logo.png","width":600,"height":60}},"image":{"@type":"ImageObject","@id":"https:\/\/www.leurope.cz\/wp-content\/uploads\/img_a365478_w1745_t1578323202.jpg","url":"https:\/\/www.leurope.cz\/wp-content\/uploads\/img_a365478_w1745_t1578323202.jpg","height":0,"width":0},"url":"https:\/\/www.leurope.cz\/neridte-pod-vlivem\/","about":["Zbo\u017e\u00ed"],"wordCount":442,"articleBody":"      Kdy\u017e \u010dlov\u011bk n\u011bkam vyr\u00e1\u017e\u00ed autem, m\u011bl by si p\u0159edem dob\u0159e promyslet, co ho \u010dek\u00e1, ne\u017e se d\u00e1 do pit\u00ed. A to proto, \u017ee zjist\u00ed-li v tu v\u00edce a tu m\u00e9n\u011b podrou\u0161en\u00e9m stavu, \u017ee vlastn\u011b bude je\u0161t\u011b muset n\u011bkam jet, m\u00e1 probl\u00e9m. Proto\u017ee je takov\u00e1 j\u00edzda odporuj\u00edc\u00ed z\u00e1kon\u016fm, a to v tomto ohledu nezpochybniteln\u011b pln\u00fdm pr\u00e1vem. N\u011bkdo podnapil\u00fd ohro\u017euje jak sebe, tak i jin\u00e9, a to nejen co se t\u00fdk\u00e1 majetku, ale klidn\u011b i hol\u00e9ho \u017eivota.Za volant se prost\u011b v ov\u00edn\u011bn\u00e9m stavu sedat nem\u00e1 a nesm\u00ed. Jen\u017ee co kdy\u017e by tak doty\u010dn\u00fd jedinec m\u011bl za ka\u017edou cenu u\u010dinit, co kdy\u017e nen\u00ed vyhnut\u00ed? Proto\u017ee jak on, tak i jeho auto, mus\u00ed b\u00fdt v ur\u010dit\u00e9m okam\u017eiku na jin\u00e9m m\u00edst\u011b a b\u011bda, nebude-li tomu tak?Nejeden \u010dlov\u011bk to riskne. A t\u0159eba mu to projde. Ale nejednou m\u00e1 sm\u016flu a pak na to klidn\u011b i hodn\u011b tvrd\u011b doplat\u00ed. A proto ten, kdo m\u00e1 rozum, rad\u011bji neriskuje. Zejm\u00e9na v Praze, kde m\u00e1 v\u017edycky na v\u00fdb\u011br.Pokud se toti\u017e dostane do popsan\u00e9 situace v na\u0161em hlavn\u00edm m\u011bst\u011b, nab\u00edz\u00ed se mu odvoz vozu Praha. Tedy slu\u017eba, p\u0159i n\u00ed\u017e odvezou na m\u00edsto ur\u010den\u00ed nejen takov\u00e9hoto z\u00e1kazn\u00edka, ale i jeho auto.Sta\u010d\u00ed, aby si \u010dlov\u011bk zavolal na dispe\u010dink a dohodl se na tom, \u010deho je mu zapot\u0159eb\u00ed, a m\u016f\u017ee si b\u00fdt jist t\u00edm, \u017ee doraz\u00ed do c\u00edle tak, jak pot\u0159ebuje. Kdykoliv, spolehliv\u011b, bezpe\u010dn\u011b a bez jak\u00e9hokoliv rizika.Po\u0161lou pro n\u011bj toti\u017e firemn\u00edm vozem ne jednoho, ale hned dva \u0159idi\u010de. Z nich\u017e jeden po p\u0159\u00edjezdu p\u0159esedne do z\u00e1kazn\u00edkova vozu a odjede s n\u00edm i klientem na zadanou adresu, a druh\u00fd je ve slu\u017eebn\u00edm vozidle n\u00e1sleduje a v c\u00edli sv\u00e9ho kolegu op\u011bt nalo\u017e\u00ed a spolu se vzd\u00e1l\u00ed.A jak z\u00e1kazn\u00edk, tak i jeho vozidlo, jsou v po\u0159\u00e1dku tam, kde maj\u00ed b\u00fdt. I kdyby byl ten, kdo tuto slu\u017ebu vyu\u017eije, v sebedezol\u00e1tn\u011bj\u0161\u00edm stavu, jemu, jeho autu ani nikomu jin\u00e9mu se nic nestane. A na rozd\u00edl od nepoctiv\u00fdch taxik\u00e1\u0159\u016f nebude ani obr\u00e1n, proto\u017ee zde jsou ceny p\u0159edem dan\u00e9. A to je logicky to nejlep\u0161\u00ed, co se m\u016f\u017ee v podobn\u00e9 situaci st\u00e1t.                                                                                                                                                                                                                                                                                                                                                                                          3.8\/5 - (6 votes)        "},{"@context":"https:\/\/schema.org\/","@type":"BreadcrumbList","itemListElement":[{"@type":"ListItem","position":1,"name":"Ne\u0159i\u010fte pod vlivem","item":"https:\/\/www.leurope.cz\/neridte-pod-vlivem\/#breadcrumbitem"}]}]