[{"@context":"https:\/\/schema.org\/","@type":"Article","@id":"https:\/\/www.leurope.cz\/montessori-se-v-cesku-stava-pojmem\/#Article","mainEntityOfPage":"https:\/\/www.leurope.cz\/montessori-se-v-cesku-stava-pojmem\/","headline":"Montessori se v \u010cesku st\u00e1v\u00e1 pojmem","name":"Montessori se v \u010cesku st\u00e1v\u00e1 pojmem","description":"Na po\u010d\u00e1tku 20. stolet\u00ed za\u010daly v It\u00e1lii vznikat prvn\u00ed p\u0159ed\u0161koln\u00ed a \u0161koln\u00ed za\u0159\u00edzen\u00ed navr\u017een\u00e9 zku\u0161enou l\u00e9ka\u0159kou v oboru pediatrie a pedago\u017ekou Mari\u00ed Montessori. V\u00fdukov\u00e9 programy, \u0161etrn\u00e9 k vyv\u00edjej\u00edc\u00ed se d\u011btsk\u00e9 psychice, p\u0159in\u00e1\u0161ely p\u0159ekvapiv\u00e9 pozitivn\u00ed v\u00fdsledky, a tak se tento alternativn\u00ed sm\u011br roz\u0161\u00ed\u0159il po cel\u00e9 Evrop\u011b. Setk\u00e1te se s nimi i na mnoha m\u00edstech v \u010cesk\u00e9 [&hellip;]","datePublished":"2018-06-20","dateModified":"2023-05-19","author":{"@type":"Person","@id":"https:\/\/www.leurope.cz\/author\/#Person","name":"","url":"https:\/\/www.leurope.cz\/author\/","identifier":1,"image":{"@type":"ImageObject","@id":"https:\/\/secure.gravatar.com\/avatar\/c61c2d82e330ff9c70cf023b4c62d411e8407bcb38f85df591fa270717754b44?s=96&d=mm&r=g","url":"https:\/\/secure.gravatar.com\/avatar\/c61c2d82e330ff9c70cf023b4c62d411e8407bcb38f85df591fa270717754b44?s=96&d=mm&r=g","height":96,"width":96}},"publisher":{"@type":"Organization","name":"leurope.cz","logo":{"@type":"ImageObject","@id":"\/logo.png","url":"\/logo.png","width":600,"height":60}},"image":{"@type":"ImageObject","@id":"https:\/\/www.leurope.cz\/wp-content\/uploads\/img_a321507_w2241_t1532762685.jpg","url":"https:\/\/www.leurope.cz\/wp-content\/uploads\/img_a321507_w2241_t1532762685.jpg","height":0,"width":0},"url":"https:\/\/www.leurope.cz\/montessori-se-v-cesku-stava-pojmem\/","wordCount":507,"articleBody":"Na po\u010d\u00e1tku 20. stolet\u00ed za\u010daly v It\u00e1lii vznikat prvn\u00ed p\u0159ed\u0161koln\u00ed a \u0161koln\u00ed za\u0159\u00edzen\u00ed navr\u017een\u00e9 zku\u0161enou l\u00e9ka\u0159kou v oboru pediatrie a pedago\u017ekou Mari\u00ed Montessori. V\u00fdukov\u00e9 programy, \u0161etrn\u00e9 k vyv\u00edjej\u00edc\u00ed se d\u011btsk\u00e9 psychice, p\u0159in\u00e1\u0161ely p\u0159ekvapiv\u00e9 pozitivn\u00ed v\u00fdsledky, a tak se tento alternativn\u00ed sm\u011br roz\u0161\u00ed\u0159il po cel\u00e9 Evrop\u011b. Setk\u00e1te se s nimi i na mnoha m\u00edstech v \u010cesk\u00e9 republice. Cvi\u010den\u00ed maminek s nejmlad\u0161\u00edmi d\u011btmi ve v\u011bku od 1 do 3 let Program se c\u00edlen\u011b zam\u011b\u0159uje na p\u0159irozen\u00fd pohyb v souladu s tvo\u0159ivost\u00ed t\u011bch nejmen\u0161\u00edch d\u011bt\u00ed. Vyu\u017e\u00edvaj\u00ed se k tomu nejr\u016fzn\u011bj\u0161\u00ed pom\u016fcky pro rozv\u00edjen\u00ed jemn\u00e9 d\u011btsk\u00e9 motoriky, pohybov\u00e9 hry jsou dopln\u011bny p\u00edsni\u010dkami a \u0159\u00edkankami. C\u00edlem je respektovat d\u011btskou osobnost, p\u0159itom je m\u00edrn\u011b motivovat v soci\u00e1ln\u00ed oblasti mal\u00e9ho kolektivu, aby si zvykali i na p\u0159\u00edtomnost dal\u0161\u00edch d\u011bt\u00ed, a nebyli prim\u00e1rn\u011b z\u00e1visl\u00ed na sv\u00fdch rodi\u010d\u00edch. Rodi\u010de jsou v\u0161ak sou\u010d\u00e1st\u00ed cel\u00e9ho procesu a d\u00edt\u011b se z\u00e1rove\u0148 nec\u00edt\u00ed odstr\u010den\u00e9, bezbrann\u00e9 a osamocen\u00e9. Hran\u00ed s origin\u00e1ln\u00edmi pom\u016fckami Montessori \u0161kolky maj\u00ed k dispozici r\u016fzn\u00e9 speci\u00e1ln\u00ed pom\u016fcky, s nimi\u017e si r\u00e1dy hraj\u00ed v uzav\u0159en\u00e9m kolektivu p\u011bti a\u017e osmi d\u011bt\u00ed . S d\u011btmi si mohou hr\u00e1t i jejich rodi\u010de, jde o \u010dinnost vhodnou pro ratolesti ve v\u011bku od 3 do 6 let. Jde o p\u0159ed\u0161koln\u00ed formu hry, kdy se rozv\u00edj\u00ed kreativita. Ide\u00e1ln\u00ed je tuto aktivitu kombinovat se skota\u010den\u00edm na zahrad\u011b, aby m\u011bli v\u0161ichni zaji\u0161t\u011bn dostatek pohybu. Montessori krou\u017eky T\u011bch existuje cel\u00e1 \u0159ada, v\u011bnuj\u00ed se d\u011btem od jednoho roku do 9 let, jejich c\u00edlem je formovat osobnost v p\u0159ed\u0161koln\u00edm v\u011bku a plynule nav\u00e1zat na u\u010debn\u00ed program v souladu s osnovami pro d\u011bti prvn\u00edho stupn\u011b z\u00e1kladn\u00edch \u0161kol. Mohou to b\u00fdt: \u00b7 Pohybov\u00e9 hry pro nejmen\u0161\u00ed batolata ve v\u011bku 1 \u2013 4 roky. \u00b7 V\u011bda a hran\u00ed \u2013 pro ty star\u0161\u00ed kolem 8 let, kter\u00e9 se touto z\u00e1bavnou formou seznamuj\u00ed s p\u0159\u00edrodn\u00edmi z\u00e1kony. \u00b7 Keramick\u00e1 d\u00edlna pro v\u011bkov\u00e9 rozp\u011bt\u00ed 6 \u2013 9 let. \u00b7 Vesel\u00e1 v\u00fduka matematiky a z\u00e1klad\u016f \u010dten\u00ed pro p\u0159ed\u0161koln\u00ed p\u011btilet\u00e9 d\u011bti. \u00b7 Sportovn\u00ed krou\u017eky pro p\u0159ed\u0161koln\u00ed d\u011bti, kde se na speci\u00e1ln\u00edch pom\u016fck\u00e1ch tr\u00e9nuje b\u011bh, sk\u00e1k\u00e1n\u00ed do v\u00fd\u0161ky a do d\u00e1lky, p\u0159eskoky, ale i orientace v prostoru a udr\u017een\u00ed rovnov\u00e1hy. \u00b7 P\u0159ed\u0161kol\u00e1\u010dek \u2013 specializovan\u00e1 pr\u016fprava na zm\u011bnu \u017eivota, kter\u00e1 d\u011bti p\u0159ipravuje na prvn\u00ed samostatn\u00fd \u017eivotn\u00ed krok \u2013 \u0161koln\u00ed v\u00fduku. \u00b7 Batol\u00e1tka \u2013 ur\u010den\u00e1 pro nejmlad\u0161\u00ed d\u011bti od 1 roku, kter\u00e9 se seznamuj\u00ed i s jin\u00fdm prost\u0159ed\u00edm, ne\u017e na jak\u00e9 jsou zvykl\u00e9 z domova.                                                                                                                                                                                                                                                                                                                                                                                        3.9\/5 - (8 votes)        "},{"@context":"https:\/\/schema.org\/","@type":"BreadcrumbList","itemListElement":[{"@type":"ListItem","position":1,"name":"Montessori se v \u010cesku st\u00e1v\u00e1 pojmem","item":"https:\/\/www.leurope.cz\/montessori-se-v-cesku-stava-pojmem\/#breadcrumbitem"}]}]