[{"@context":"https:\/\/schema.org\/","@type":"Article","@id":"https:\/\/www.leurope.cz\/mikiny-ktere-maji-koule\/#Article","mainEntityOfPage":"https:\/\/www.leurope.cz\/mikiny-ktere-maji-koule\/","headline":"Mikiny, kter\u00e9 \u201emaj\u00ed koule\u201c","name":"Mikiny, kter\u00e9 \u201emaj\u00ed koule\u201c","description":"D\u00e1vno jsou pry\u010d \u010dasy, kdy svetry byly pouh\u00e9 kusy l\u00e1tek, kter\u00e9 zah\u0159\u00e1ly. V dne\u0161n\u00ed doby pocit tepla uchov\u00e1vaj\u00ed st\u00e1le, zato se k nim p\u0159ipojily nov\u00e9 vymo\u017eenost\u00ed. A tak n\u00e1pisy, n\u00e1\u0161ivky i r\u016fzn\u00e9 potisky. Potisk\u016f tri\u010dek je dnes taky mraky. Tak\u017ee si m\u016f\u017eete vyhr\u00e1t jak u\u017e se svrchn\u00edm d\u00edlem oble\u010den\u00ed, tak nap\u0159\u00edklad i s d\u017e\u00edny, kter\u00e9 [&hellip;]","datePublished":"2025-02-27","dateModified":"2025-02-27","author":{"@type":"Person","@id":"https:\/\/www.leurope.cz\/author\/#Person","name":"","url":"https:\/\/www.leurope.cz\/author\/","identifier":1,"image":{"@type":"ImageObject","@id":"https:\/\/secure.gravatar.com\/avatar\/c61c2d82e330ff9c70cf023b4c62d411e8407bcb38f85df591fa270717754b44?s=96&d=mm&r=g","url":"https:\/\/secure.gravatar.com\/avatar\/c61c2d82e330ff9c70cf023b4c62d411e8407bcb38f85df591fa270717754b44?s=96&d=mm&r=g","height":96,"width":96}},"publisher":{"@type":"Organization","name":"leurope.cz","logo":{"@type":"ImageObject","@id":"\/logo.png","url":"\/logo.png","width":600,"height":60}},"url":"https:\/\/www.leurope.cz\/mikiny-ktere-maji-koule\/","wordCount":179,"articleBody":"D\u00e1vno jsou pry\u010d \u010dasy, kdy svetry byly pouh\u00e9 kusy l\u00e1tek, kter\u00e9 zah\u0159\u00e1ly. V dne\u0161n\u00ed doby pocit tepla uchov\u00e1vaj\u00ed st\u00e1le, zato se k nim p\u0159ipojily nov\u00e9 vymo\u017eenost\u00ed. A tak n\u00e1pisy, n\u00e1\u0161ivky i r\u016fzn\u00e9 potisky. Potisk\u016f tri\u010dek je dnes taky mraky. Tak\u017ee si m\u016f\u017eete vyhr\u00e1t jak u\u017e se svrchn\u00edm d\u00edlem oble\u010den\u00ed, tak nap\u0159\u00edklad i s d\u017e\u00edny, kter\u00e9 m\u016f\u017eete vyzdobit r\u016fzn\u00fdmi n\u00e1\u0161ivky. Bunda bomber i parka Originalita a extravagance se p\u0159esunula i do t\u011bch nejvrchn\u011bj\u0161\u00edch, nejteplej\u0161\u00edch druh\u016f oble\u010den\u00ed. M\u016f\u017eete te\u010f po\u0159\u00eddit i bundy nebo bomber s origin\u00e1ln\u00edmi n\u00e1lepkami t\u0159eba s Mickey Mousem nebo oby\u010dejn\u00fdmi kv\u011btinami. Parka, kter\u00e1 je te\u010f popul\u00e1rn\u00ed p\u0159edev\u0161\u00edm u mlad\u00e9 generace, letos dostala \u201enov\u00fd kab\u00e1t\u201c a to v tom smyslu, \u017ee ji m\u016f\u017eete po\u0159\u00eddit s netradi\u010dn\u00ed barevnou ko\u017ee\u0161inou na kapuci. Crazy? Mo\u017en\u00e1, ale neva\u017ete se, ale odva\u017ete se!                                                                                                                                                                                                                                                                                                                                                                                                "},{"@context":"https:\/\/schema.org\/","@type":"BreadcrumbList","itemListElement":[{"@type":"ListItem","position":1,"name":"Mikiny, kter\u00e9 \u201emaj\u00ed koule\u201c","item":"https:\/\/www.leurope.cz\/mikiny-ktere-maji-koule\/#breadcrumbitem"}]}]