[{"@context":"https:\/\/schema.org\/","@type":"Article","@id":"https:\/\/www.leurope.cz\/bez-odbornika-se-neobejdete\/#Article","mainEntityOfPage":"https:\/\/www.leurope.cz\/bez-odbornika-se-neobejdete\/","headline":"Bez odborn\u00edka se neobejdete","name":"Bez odborn\u00edka se neobejdete","description":"Asi v\u0161ichni, co bydl\u00ed na stejn\u00e9 adrese u\u017e del\u0161\u00ed dobu, maj\u00ed stejn\u00fd probl\u00e9m s elektrick\u00fdmi rozvody. Ty se samoz\u0159ejm\u011b prov\u00e1d\u00ed ji\u017e p\u0159i samotn\u00e9 stavb\u011b, tak\u017ee pokud si dom\u016f po\u0159\u00edd\u00edte jeden nebo v\u00edce nov\u00fdch elektrospot\u0159ebi\u010d\u016f, mus\u00edte napojen\u00ed na p\u0159\u00edvod elekt\u0159iny \u0159e\u0161it r\u016fzn\u00fdmi prodlu\u017eovac\u00edmi \u0161\u0148\u016frami. To je sice taky n\u011bjak\u00e9 \u0159e\u0161en\u00ed, ale sp\u00ed\u0161 kr\u00e1tkodob\u00e9. Nechcete p\u0159ece sv\u016fj [&hellip;]","datePublished":"2017-09-30","dateModified":"2023-05-19","author":{"@type":"Person","@id":"https:\/\/www.leurope.cz\/author\/#Person","name":"","url":"https:\/\/www.leurope.cz\/author\/","identifier":1,"image":{"@type":"ImageObject","@id":"https:\/\/secure.gravatar.com\/avatar\/c61c2d82e330ff9c70cf023b4c62d411e8407bcb38f85df591fa270717754b44?s=96&d=mm&r=g","url":"https:\/\/secure.gravatar.com\/avatar\/c61c2d82e330ff9c70cf023b4c62d411e8407bcb38f85df591fa270717754b44?s=96&d=mm&r=g","height":96,"width":96}},"publisher":{"@type":"Organization","name":"leurope.cz","logo":{"@type":"ImageObject","@id":"\/logo.png","url":"\/logo.png","width":600,"height":60}},"image":{"@type":"ImageObject","@id":"https:\/\/www.leurope.cz\/wp-content\/uploads\/img_a302015_w1759_t1512036261.jpg","url":"https:\/\/www.leurope.cz\/wp-content\/uploads\/img_a302015_w1759_t1512036261.jpg","height":0,"width":0},"url":"https:\/\/www.leurope.cz\/bez-odbornika-se-neobejdete\/","about":["Pen\u00edze"],"wordCount":382,"articleBody":"   Asi v\u0161ichni, co bydl\u00ed na stejn\u00e9 adrese u\u017e del\u0161\u00ed dobu, maj\u00ed stejn\u00fd probl\u00e9m s elektrick\u00fdmi rozvody. Ty se samoz\u0159ejm\u011b prov\u00e1d\u00ed ji\u017e p\u0159i samotn\u00e9 stavb\u011b, tak\u017ee pokud si dom\u016f po\u0159\u00edd\u00edte jeden nebo v\u00edce nov\u00fdch elektrospot\u0159ebi\u010d\u016f, mus\u00edte napojen\u00ed na p\u0159\u00edvod elekt\u0159iny \u0159e\u0161it r\u016fzn\u00fdmi prodlu\u017eovac\u00edmi \u0161\u0148\u016frami. To je sice taky n\u011bjak\u00e9 \u0159e\u0161en\u00ed, ale sp\u00ed\u0161 kr\u00e1tkodob\u00e9. Nechcete p\u0159ece sv\u016fj ob\u00fdvac\u00ed pokoj nebo kuchy\u0148 prom\u011bnit v spletitou s\u00ed\u0165 propleten\u00fdch \u0161\u0148\u016fr. \u0158e\u0161en\u00ed je jen jedno, a to rekonstrukce. Bohu\u017eel se bez stavebn\u00edho z\u00e1sahu nedo\u010dk\u00e1te lep\u0161\u00edch v\u00fdsledk\u016f. Bour\u00e1n\u00ed, odvoz suti a stavebn\u00ed pr\u00e1ce m\u016f\u017eete ud\u011blat sami, ale na elektroinstalaci budete pot\u0159ebovat odborn\u00edka, pokud tedy nechcete, aby do\u0161lo b\u011bhem va\u0161\u00ed rekonstrukce k n\u011bjak\u00e9mu \u00farazu.  Najd\u011bte spole\u010dn\u00e9 \u0159e\u0161en\u00ed A\u0165 u\u017e teprve stav\u00edte sv\u016fj vysn\u011bn\u00fd d\u016fm nebo ji\u017e bydl\u00edte, ale v\u00e1\u0161 domov pot\u0159ebuje rekonstrukci jako s\u016fl, nezapome\u0148te na vhodn\u00e9 rozm\u00edst\u011bn\u00ed elektroinstalace. P\u0159i novostavb\u011b je to jednoduch\u00e9. Tam v\u00e1m odborn\u00edk, po domluv\u011b s v\u00e1mi, s\u00e1m navrhne rozm\u00edst\u011bn\u00ed i po\u010det jednotliv\u00fdch kus\u016f. V\u017edycky z\u00e1le\u017e\u00ed na velikosti bytu nebo domu a na rozm\u00edst\u011bn\u00ed a mno\u017estv\u00ed elektrospot\u0159ebi\u010d\u016f. U rekonstrukce u\u017e je to slo\u017eit\u011bj\u0161\u00ed, ale v\u011b\u0159te, \u017ee va\u0161e n\u00e1maha se v\u00e1m vyplat\u00ed. Kvalitn\u00ed elektroinstala\u010dn\u00ed materi\u00e1l https:\/\/www.lightpark.cz\/vypinace-a-zasuvky-schneider\/dod\u00e1 va\u0161emu bydlen\u00ed nov\u00fd vzhled a jiskru. Za\u0159i\u010fte si sv\u016fj interi\u00e9r modern\u011b a vyberte si z \u0161irok\u00e9 \u0161k\u00e1ly r\u016fzn\u00fdch typ\u016f a tvar\u016f r\u00e1me\u010dk\u016f. https:\/\/tradag.cz\/cs  Pr\u00e1v\u011b s nimi m\u016f\u017eete doladit v\u00e1\u0161 domov i barevn\u011b. Kombinace jsou neomezen\u00e9 Pot\u0159ebujete-li o\u017eivit v\u00e1\u0161 interi\u00e9r, m\u016f\u017eete za\u010d\u00edt men\u0161\u00edmi \u00fapravami. U\u017e samotnou v\u00fdm\u011bnou vyp\u00edna\u010d\u016f a z\u00e1suvek v\u00e1s \u010dek\u00e1 pozitivn\u00ed zm\u011bna. Vyr\u00e1b\u00ed se toti\u017e v mnoha barevn\u00fdch proveden\u00edch a tvarech. Nebojte se kombinovat. Barevn\u00e9 kombinace budou nep\u0159ehl\u00e9dnuteln\u00e9 a ur\u010dit\u011b s nimi v\u00e1\u0161 domov bude vypadat l\u00e9pe.                                                                                                                                                                                                                                                                                                                                                                                           4.5\/5 - (4 votes)        "},{"@context":"https:\/\/schema.org\/","@type":"BreadcrumbList","itemListElement":[{"@type":"ListItem","position":1,"name":"Bez odborn\u00edka se neobejdete","item":"https:\/\/www.leurope.cz\/bez-odbornika-se-neobejdete\/#breadcrumbitem"}]}]